{"id":7595,"date":"2026-03-02T12:12:36","date_gmt":"2026-03-02T12:12:36","guid":{"rendered":"https:\/\/centroparoquialcastpera.pt\/?p=7595"},"modified":"2026-03-02T12:14:05","modified_gmt":"2026-03-02T12:14:05","slug":"%f0%9d%90%8f%f0%9d%90%9a%f0%9d%90%ac%f0%9d%90%ac%f0%9d%90%9e%f0%9d%90%a2%f0%9d%90%a8-%f0%9d%90%9a-%f0%9d%90%85%f0%9d%90%9a%f0%9d%90%ad%f0%9d%90%a2%f0%9d%90%a6%f0%9d%90%9a-%f0%9d%90%80","status":"publish","type":"post","link":"https:\/\/centroparoquialcastpera.pt\/?p=7595","title":{"rendered":"\ud835\udc0f\ud835\udc1a\ud835\udc2c\ud835\udc2c\ud835\udc1e\ud835\udc22\ud835\udc28 \ud835\udc1a \ud835\udc05\ud835\udc1a\u0301\ud835\udc2d\ud835\udc22\ud835\udc26\ud835\udc1a \u2013 \ud835\udc00\ud835\udc2d\ud835\udc22\ud835\udc2f\ud835\udc22\ud835\udc1d\ud835\udc1a\ud835\udc1d\ud835\udc1e \ud835\udfd4\ud835\udfce+ \ud835\udc02\ud835\udc2e\ud835\udc25\ud835\udc2d\ud835\udc2e\ud835\udc2b\ud835\udc1a\ud835\udc25"},"content":{"rendered":"<div class=\"x14z9mp xat24cr x1lziwak x1vvkbs xtlvy1s x126k92a\">\n<div dir=\"auto\"><span class=\"html-span xexx8yu xyri2b x18d9i69 x1c1uobl x1hl2dhg x16tdsg8 x1vvkbs x3nfvp2 x1j61x8r x1fcty0u xdj266r xat24cr xm2jcoa x1mpyi22 xxymvpz xlup9mm x1kky2od\"><img loading=\"lazy\" decoding=\"async\" class=\"xz74otr x15mokao x1ga7v0g x16uus16 xbiv7yw\" src=\"https:\/\/static.xx.fbcdn.net\/images\/emoji.php\/v9\/t45\/1\/16\/1f6a8.png\" alt=\"\ud83d\udea8\" width=\"16\" height=\"16\" \/><\/span>\ud835\udc08\ud835\udc0d\ud835\udc12\ud835\udc02\ud835\udc11\ud835\udc08\ud835\udc02\u0327\ud835\udc0e\u0303\ud835\udc04\ud835\udc12 \ud835\udc00\ud835\udc01\ud835\udc11\ud835\udc04\ud835\udc0c \ud835\udc03\ud835\udc08\ud835\udc00 \ud835\udfcf\ud835\udfd4 \ud835\udc03\ud835\udc04 \ud835\udc05\ud835\udc04\ud835\udc15\ud835\udc04\ud835\udc11\ud835\udc04\ud835\udc08\ud835\udc11\ud835\udc0e \ud835\udc03\ud835\udc04 \ud835\udfd0\ud835\udfce\ud835\udfd0\ud835\udfd4! <span class=\"html-span xexx8yu xyri2b x18d9i69 x1c1uobl x1hl2dhg x16tdsg8 x1vvkbs x3nfvp2 x1j61x8r x1fcty0u xdj266r xat24cr xm2jcoa x1mpyi22 xxymvpz xlup9mm x1kky2od\"><img loading=\"lazy\" decoding=\"async\" class=\"xz74otr x15mokao x1ga7v0g x16uus16 xbiv7yw\" src=\"https:\/\/static.xx.fbcdn.net\/images\/emoji.php\/v9\/t45\/1\/16\/1f6a8.png\" alt=\"\ud83d\udea8\" width=\"16\" height=\"16\" \/><\/span><\/div>\n<\/div>\n<div class=\"x14z9mp xat24cr x1lziwak x1vvkbs xtlvy1s x126k92a\">\n<div dir=\"auto\">No \u00e2mbito da atividade 60+ Cultural, convidamos os residentes do concelho de Castanheira de P\u00eara, com mais de 65 anos, a participar num passeio a \ud835\udc05\ud835\udc1a\u0301\ud835\udc2d\ud835\udc22\ud835\udc26\ud835\udc1a.<\/div>\n<\/div>\n<div class=\"x14z9mp xat24cr x1lziwak x1vvkbs xtlvy1s x126k92a\">\n<div dir=\"auto\"><span class=\"html-span xexx8yu xyri2b x18d9i69 x1c1uobl x1hl2dhg x16tdsg8 x1vvkbs x3nfvp2 x1j61x8r x1fcty0u xdj266r xat24cr xm2jcoa x1mpyi22 xxymvpz xlup9mm x1kky2od\"><img loading=\"lazy\" decoding=\"async\" class=\"xz74otr x15mokao x1ga7v0g x16uus16 xbiv7yw\" src=\"https:\/\/static.xx.fbcdn.net\/images\/emoji.php\/v9\/t7e\/1\/16\/1f4c5.png\" alt=\"\ud83d\udcc5\" width=\"16\" height=\"16\" \/><\/span>Data: \ud835\udfce\ud835\udfd3 \ud835\udc1d\ud835\udc1e \ud835\udc26\ud835\udc1a\ud835\udc2b\ud835\udc1c\u0327\ud835\udc28 \ud835\udc1d\ud835\udc1e \ud835\udfd0\ud835\udfce\ud835\udfd0\ud835\udfd4<\/div>\n<\/div>\n<div class=\"x14z9mp xat24cr x1lziwak x1vvkbs xtlvy1s x126k92a\">\n<div dir=\"auto\">\ud835\udc0f\ud835\udc2b\ud835\udc28\ud835\udc20\ud835\udc2b\ud835\udc1a\ud835\udc26\ud835\udc1a\ud835\udc1c\u0327\ud835\udc1a\u0303\ud835\udc28:<\/div>\n<div dir=\"auto\"><span class=\"html-span xexx8yu xyri2b x18d9i69 x1c1uobl x1hl2dhg x16tdsg8 x1vvkbs x3nfvp2 x1j61x8r x1fcty0u xdj266r xat24cr xm2jcoa x1mpyi22 xxymvpz xlup9mm x1kky2od\"><img loading=\"lazy\" decoding=\"async\" class=\"xz74otr x15mokao x1ga7v0g x16uus16 xbiv7yw\" src=\"https:\/\/static.xx.fbcdn.net\/images\/emoji.php\/v9\/tf\/1\/16\/1f304.png\" alt=\"\ud83c\udf04\" width=\"16\" height=\"16\" \/><\/span> De manh\u00e3: visita \u00e0s Grutas da Moeda<\/div>\n<div dir=\"auto\"><span class=\"html-span xexx8yu xyri2b x18d9i69 x1c1uobl x1hl2dhg x16tdsg8 x1vvkbs x3nfvp2 x1j61x8r x1fcty0u xdj266r xat24cr xm2jcoa x1mpyi22 xxymvpz xlup9mm x1kky2od\"><img loading=\"lazy\" decoding=\"async\" class=\"xz74otr x15mokao x1ga7v0g x16uus16 xbiv7yw\" src=\"https:\/\/static.xx.fbcdn.net\/images\/emoji.php\/v9\/t9\/1\/16\/26ea.png\" alt=\"\u26ea\" width=\"16\" height=\"16\" \/><\/span> \u00c0 tarde: visita ao Santu\u00e1rio de Nossa Senhora de F\u00e1tima<\/div>\n<\/div>\n<div class=\"x14z9mp xat24cr x1lziwak x1vvkbs xtlvy1s x126k92a\">\n<div dir=\"auto\">Um dia diferente, cheio de partilha, descoberta e momentos significativos <span class=\"html-span xexx8yu xyri2b x18d9i69 x1c1uobl x1hl2dhg x16tdsg8 x1vvkbs x3nfvp2 x1j61x8r x1fcty0u xdj266r xat24cr xm2jcoa x1mpyi22 xxymvpz xlup9mm x1kky2od\"><img loading=\"lazy\" decoding=\"async\" class=\"xz74otr x15mokao x1ga7v0g x16uus16 xbiv7yw\" src=\"https:\/\/static.xx.fbcdn.net\/images\/emoji.php\/v9\/t79\/1\/16\/1f68c.png\" alt=\"\ud83d\ude8c\" width=\"16\" height=\"16\" \/><\/span><span class=\"html-span xexx8yu xyri2b x18d9i69 x1c1uobl x1hl2dhg x16tdsg8 x1vvkbs x3nfvp2 x1j61x8r x1fcty0u xdj266r xat24cr xm2jcoa x1mpyi22 xxymvpz xlup9mm x1kky2od\"><img loading=\"lazy\" decoding=\"async\" class=\"xz74otr x15mokao x1ga7v0g x16uus16 xbiv7yw\" src=\"https:\/\/static.xx.fbcdn.net\/images\/emoji.php\/v9\/tf4\/1\/16\/2728.png\" alt=\"\u2728\" width=\"16\" height=\"16\" \/><\/span><\/div>\n<\/div>\n<div class=\"x14z9mp xat24cr x1lziwak x1vvkbs xtlvy1s x126k92a\">\n<div dir=\"auto\"><span class=\"html-span xexx8yu xyri2b x18d9i69 x1c1uobl x1hl2dhg x16tdsg8 x1vvkbs x3nfvp2 x1j61x8r x1fcty0u xdj266r xat24cr xm2jcoa x1mpyi22 xxymvpz xlup9mm x1kky2od\"><img loading=\"lazy\" decoding=\"async\" class=\"xz74otr x15mokao x1ga7v0g x16uus16 xbiv7yw\" src=\"https:\/\/static.xx.fbcdn.net\/images\/emoji.php\/v9\/tcc\/1\/16\/1f4dd.png\" alt=\"\ud83d\udcdd\" width=\"16\" height=\"16\" \/><\/span> \ud835\udc08\ud835\udc0d\ud835\udc12\ud835\udc02\ud835\udc11\ud835\udc08\ud835\udc02\u0327\ud835\udc0e\u0303\ud835\udc04\ud835\udc12<\/div>\n<div dir=\"auto\"><span class=\"html-span xexx8yu xyri2b x18d9i69 x1c1uobl x1hl2dhg x16tdsg8 x1vvkbs x3nfvp2 x1j61x8r x1fcty0u xdj266r xat24cr xm2jcoa x1mpyi22 xxymvpz xlup9mm x1kky2od\"><img loading=\"lazy\" decoding=\"async\" class=\"xz74otr x15mokao x1ga7v0g x16uus16 xbiv7yw\" src=\"https:\/\/static.xx.fbcdn.net\/images\/emoji.php\/v9\/tff\/1\/16\/1f4c6.png\" alt=\"\ud83d\udcc6\" width=\"16\" height=\"16\" \/><\/span> A partir de \ud835\udfcf\ud835\udfd4 \ud835\udc1d\ud835\udc1e \ud835\udc1f\ud835\udc1e\ud835\udc2f\ud835\udc1e\ud835\udc2b\ud835\udc1e\ud835\udc22\ud835\udc2b\ud835\udc28 \ud835\udc1d\ud835\udc1e \ud835\udfd0\ud835\udfce\ud835\udfd0\ud835\udfd4<\/div>\n<div dir=\"auto\"><span class=\"html-span xexx8yu xyri2b x18d9i69 x1c1uobl x1hl2dhg x16tdsg8 x1vvkbs x3nfvp2 x1j61x8r x1fcty0u xdj266r xat24cr xm2jcoa x1mpyi22 xxymvpz xlup9mm x1kky2od\"><img loading=\"lazy\" decoding=\"async\" class=\"xz74otr x15mokao x1ga7v0g x16uus16 xbiv7yw\" src=\"https:\/\/static.xx.fbcdn.net\/images\/emoji.php\/v9\/t2d\/1\/16\/1f4cd.png\" alt=\"\ud83d\udccd\" width=\"16\" height=\"16\" \/><\/span> Presencialmente: Av. Adri\u00e3o Reis, 3280-012 Castanheira de P\u00eara (Centro Paroquial de Solidariedade Social de Castanheira de Pera)<\/div>\n<div dir=\"auto\"><span class=\"html-span xexx8yu xyri2b x18d9i69 x1c1uobl x1hl2dhg x16tdsg8 x1vvkbs x3nfvp2 x1j61x8r x1fcty0u xdj266r xat24cr xm2jcoa x1mpyi22 xxymvpz xlup9mm x1kky2od\"><img loading=\"lazy\" decoding=\"async\" class=\"xz74otr x15mokao x1ga7v0g x16uus16 xbiv7yw\" src=\"https:\/\/static.xx.fbcdn.net\/images\/emoji.php\/v9\/t4d\/1\/16\/1f4de.png\" alt=\"\ud83d\udcde\" width=\"16\" height=\"16\" \/><\/span> Ou por telefone: 236 438 160 \/ 961 715 439<\/div>\n<\/div>\n<div class=\"x14z9mp xat24cr x1lziwak x1vvkbs xtlvy1s x126k92a\">\n<div dir=\"auto\"><span class=\"html-span xexx8yu xyri2b x18d9i69 x1c1uobl x1hl2dhg x16tdsg8 x1vvkbs x3nfvp2 x1j61x8r x1fcty0u xdj266r xat24cr xm2jcoa x1mpyi22 xxymvpz xlup9mm x1kky2od\"><img loading=\"lazy\" decoding=\"async\" class=\"xz74otr x15mokao x1ga7v0g x16uus16 xbiv7yw\" src=\"https:\/\/static.xx.fbcdn.net\/images\/emoji.php\/v9\/t84\/1\/16\/1f381.png\" alt=\"\ud83c\udf81\" width=\"16\" height=\"16\" \/><\/span> Passeio gratuito<\/div>\n<div dir=\"auto\"><span class=\"html-span xexx8yu xyri2b x18d9i69 x1c1uobl x1hl2dhg x16tdsg8 x1vvkbs x3nfvp2 x1j61x8r x1fcty0u xdj266r xat24cr xm2jcoa x1mpyi22 xxymvpz xlup9mm x1kky2od\"><img loading=\"lazy\" decoding=\"async\" class=\"xz74otr x15mokao x1ga7v0g x16uus16 xbiv7yw\" src=\"https:\/\/static.xx.fbcdn.net\/images\/emoji.php\/v9\/tfc\/1\/16\/1f96a.png\" alt=\"\ud83e\udd6a\" width=\"16\" height=\"16\" \/><\/span> \ud835\udc02\ud835\udc1a\ud835\udc1d\ud835\udc1a \ud835\udc29\ud835\udc1a\ud835\udc2b\ud835\udc2d\ud835\udc22\ud835\udc1c\ud835\udc22\ud835\udc29\ud835\udc1a\ud835\udc27\ud835\udc2d\ud835\udc1e \ud835\udc1d\ud835\udc1e\ud835\udc2f\ud835\udc1e\ud835\udc2b\ud835\udc1a\u0301 \ud835\udc25\ud835\udc1e\ud835\udc2f\ud835\udc1a\ud835\udc2b \ud835\udc1a \ud835\udc2c\ud835\udc2e\ud835\udc1a \ud835\udc29\ud835\udc2b\ud835\udc28\u0301\ud835\udc29\ud835\udc2b\ud835\udc22\ud835\udc1a \ud835\udc1a\ud835\udc25\ud835\udc22\ud835\udc26\ud835\udc1e\ud835\udc27\ud835\udc2d\ud835\udc1a\ud835\udc1c\u0327\ud835\udc1a\u0303\ud835\udc28<\/div>\n<div dir=\"auto\"><span class=\"html-span xexx8yu xyri2b x18d9i69 x1c1uobl x1hl2dhg x16tdsg8 x1vvkbs x3nfvp2 x1j61x8r x1fcty0u xdj266r xat24cr xm2jcoa x1mpyi22 xxymvpz xlup9mm x1kky2od\"><img loading=\"lazy\" decoding=\"async\" class=\"xz74otr x15mokao x1ga7v0g x16uus16 xbiv7yw\" src=\"https:\/\/static.xx.fbcdn.net\/images\/emoji.php\/v9\/tdc\/1\/16\/26a0.png\" alt=\"\u26a0\ufe0f\" width=\"16\" height=\"16\" \/><\/span> Vagas limitadas<\/div>\n<\/div>\n<div class=\"x14z9mp xat24cr x1lziwak x1vvkbs xtlvy1s x126k92a\">\n<div dir=\"auto\">Garanta o seu lugar e venha viver connosco esta experi\u00eancia!<\/div>\n<div dir=\"auto\"><\/div>\n<div dir=\"auto\"><a href=\"https:\/\/centroparoquialcastpera.pt\/wp-content\/uploads\/2026\/03\/631632265_122170824314869927_120119896195207930_n.jpg\"><img loading=\"lazy\" decoding=\"async\" class=\"alignnone size-full wp-image-7596\" src=\"https:\/\/centroparoquialcastpera.pt\/wp-content\/uploads\/2026\/03\/631632265_122170824314869927_120119896195207930_n.jpg\" alt=\"\" width=\"1448\" height=\"2048\" srcset=\"https:\/\/centroparoquialcastpera.pt\/wp-content\/uploads\/2026\/03\/631632265_122170824314869927_120119896195207930_n.jpg 1448w, https:\/\/centroparoquialcastpera.pt\/wp-content\/uploads\/2026\/03\/631632265_122170824314869927_120119896195207930_n-212x300.jpg 212w, https:\/\/centroparoquialcastpera.pt\/wp-content\/uploads\/2026\/03\/631632265_122170824314869927_120119896195207930_n-724x1024.jpg 724w, https:\/\/centroparoquialcastpera.pt\/wp-content\/uploads\/2026\/03\/631632265_122170824314869927_120119896195207930_n-768x1086.jpg 768w, https:\/\/centroparoquialcastpera.pt\/wp-content\/uploads\/2026\/03\/631632265_122170824314869927_120119896195207930_n-1086x1536.jpg 1086w, https:\/\/centroparoquialcastpera.pt\/wp-content\/uploads\/2026\/03\/631632265_122170824314869927_120119896195207930_n-764x1080.jpg 764w\" sizes=\"(max-width: 1448px) 100vw, 1448px\" \/><\/a><\/div>\n<\/div>\n\n\n<p><\/p>\n","protected":false},"excerpt":{"rendered":"<p>\ud835\udc08\ud835\udc0d\ud835\udc12\ud835\udc02\ud835\udc11\ud835\udc08\ud835\udc02\u0327\ud835\udc0e\u0303\ud835\udc04\ud835\udc12 \ud835\udc00\ud835\udc01\ud835\udc11\ud835\udc04\ud835\udc0c \ud835\udc03\ud835\udc08\ud835\udc00 \ud835\udfcf\ud835\udfd4 \ud835\udc03\ud835\udc04 \ud835\udc05\ud835\udc04\ud835\udc15\ud835\udc04\ud835\udc11\ud835\udc04\ud835\udc08\ud835\udc11\ud835\udc0e \ud835\udc03\ud835\udc04 \ud835\udfd0\ud835\udfce\ud835\udfd0\ud835\udfd4! No \u00e2mbito da atividade 60+ Cultural, convidamos os residentes do concelho de Castanheira de P\u00eara, com mais de 65 anos, a participar num passeio a \ud835\udc05\ud835\udc1a\u0301\ud835\udc2d\ud835\udc22\ud835\udc26\ud835\udc1a. Data: \ud835\udfce\ud835\udfd3 \ud835\udc1d\ud835\udc1e \ud835\udc26\ud835\udc1a\ud835\udc2b\ud835\udc1c\u0327\ud835\udc28 \ud835\udc1d\ud835\udc1e \ud835\udfd0\ud835\udfce\ud835\udfd0\ud835\udfd4 \ud835\udc0f\ud835\udc2b\ud835\udc28\ud835\udc20\ud835\udc2b\ud835\udc1a\ud835\udc26\ud835\udc1a\ud835\udc1c\u0327\ud835\udc1a\u0303\ud835\udc28: De manh\u00e3: visita \u00e0s Grutas da Moeda \u00c0 tarde: visita ao Santu\u00e1rio de Nossa [&hellip;]<\/p>\n","protected":false},"author":1,"featured_media":7596,"comment_status":"closed","ping_status":"closed","sticky":false,"template":"","format":"standard","meta":{"saved_in_kubio":false,"footnotes":""},"categories":[8],"tags":[],"class_list":["post-7595","post","type-post","status-publish","format-standard","has-post-thumbnail","hentry","category-clds-5g-entrelacar"],"_links":{"self":[{"href":"https:\/\/centroparoquialcastpera.pt\/index.php?rest_route=\/wp\/v2\/posts\/7595","targetHints":{"allow":["GET"]}}],"collection":[{"href":"https:\/\/centroparoquialcastpera.pt\/index.php?rest_route=\/wp\/v2\/posts"}],"about":[{"href":"https:\/\/centroparoquialcastpera.pt\/index.php?rest_route=\/wp\/v2\/types\/post"}],"author":[{"embeddable":true,"href":"https:\/\/centroparoquialcastpera.pt\/index.php?rest_route=\/wp\/v2\/users\/1"}],"replies":[{"embeddable":true,"href":"https:\/\/centroparoquialcastpera.pt\/index.php?rest_route=%2Fwp%2Fv2%2Fcomments&post=7595"}],"version-history":[{"count":2,"href":"https:\/\/centroparoquialcastpera.pt\/index.php?rest_route=\/wp\/v2\/posts\/7595\/revisions"}],"predecessor-version":[{"id":7598,"href":"https:\/\/centroparoquialcastpera.pt\/index.php?rest_route=\/wp\/v2\/posts\/7595\/revisions\/7598"}],"wp:featuredmedia":[{"embeddable":true,"href":"https:\/\/centroparoquialcastpera.pt\/index.php?rest_route=\/wp\/v2\/media\/7596"}],"wp:attachment":[{"href":"https:\/\/centroparoquialcastpera.pt\/index.php?rest_route=%2Fwp%2Fv2%2Fmedia&parent=7595"}],"wp:term":[{"taxonomy":"category","embeddable":true,"href":"https:\/\/centroparoquialcastpera.pt\/index.php?rest_route=%2Fwp%2Fv2%2Fcategories&post=7595"},{"taxonomy":"post_tag","embeddable":true,"href":"https:\/\/centroparoquialcastpera.pt\/index.php?rest_route=%2Fwp%2Fv2%2Ftags&post=7595"}],"curies":[{"name":"wp","href":"https:\/\/api.w.org\/{rel}","templated":true}]}}