{"id":7579,"date":"2025-11-13T16:40:44","date_gmt":"2025-11-13T16:40:44","guid":{"rendered":"https:\/\/centroparoquialcastpera.pt\/?p=7579"},"modified":"2025-11-13T16:41:07","modified_gmt":"2025-11-13T16:41:07","slug":"halloween-2025-uma-semana-de-cores-sorrisos-e-muita-diversao","status":"publish","type":"post","link":"https:\/\/centroparoquialcastpera.pt\/?p=7579","title":{"rendered":"Halloween 2025 &#8211; uma semana de cores, sorrisos e muita divers\u00e3o!"},"content":{"rendered":"<div class=\"xdj266r x14z9mp xat24cr x1lziwak x1vvkbs x126k92a\">\n<div dir=\"auto\">Entre os dias 27 e 31 de outubro, as crian\u00e7as da Creche \u201cOs Ouricinhos\u201d e do CATL viveram uma semana verdadeiramente especial no \u00e2mbito das celebra\u00e7\u00f5es do Halloween! <span class=\"html-span xexx8yu xyri2b x18d9i69 x1c1uobl x1hl2dhg x16tdsg8 x1vvkbs x3nfvp2 x1j61x8r x1fcty0u xdj266r xat24cr xm2jcoa x1mpyi22 xxymvpz xlup9mm x1kky2od\"><img loading=\"lazy\" decoding=\"async\" class=\"xz74otr x15mokao x1ga7v0g x16uus16 xbiv7yw\" src=\"https:\/\/static.xx.fbcdn.net\/images\/emoji.php\/v9\/t14\/1\/16\/1f9d9_200d_2640.png\" alt=\"\ud83e\uddd9\u200d\u2640\ufe0f\" width=\"16\" height=\"16\" \/><\/span><span class=\"html-span xexx8yu xyri2b x18d9i69 x1c1uobl x1hl2dhg x16tdsg8 x1vvkbs x3nfvp2 x1j61x8r x1fcty0u xdj266r xat24cr xm2jcoa x1mpyi22 xxymvpz xlup9mm x1kky2od\"><img loading=\"lazy\" decoding=\"async\" class=\"xz74otr x15mokao x1ga7v0g x16uus16 xbiv7yw\" src=\"https:\/\/static.xx.fbcdn.net\/images\/emoji.php\/v9\/tfd\/1\/16\/1f9e1.png\" alt=\"\ud83e\udde1\" width=\"16\" height=\"16\" \/><\/span><\/div>\n<\/div>\n<div dir=\"auto\"><\/div>\n<div dir=\"auto\"><span class=\"html-span xexx8yu xyri2b x18d9i69 x1c1uobl x1hl2dhg x16tdsg8 x1vvkbs x3nfvp2 x1j61x8r x1fcty0u xdj266r xat24cr xm2jcoa x1mpyi22 xxymvpz xlup9mm x1kky2od\"><img loading=\"lazy\" decoding=\"async\" class=\"xz74otr x15mokao x1ga7v0g x16uus16 xbiv7yw\" src=\"https:\/\/static.xx.fbcdn.net\/images\/emoji.php\/v9\/tde\/1\/16\/1f4f8.png\" alt=\"\ud83d\udcf8\" width=\"16\" height=\"16\" \/><\/span> A semana ficou marcada por uma mini sess\u00e3o fotogr\u00e1fica tem\u00e1tica, onde n\u00e3o faltaram penteados criativos, maquilhagens assustadoramente divertidas e muitos sorrisos!<\/div>\n<div class=\"x14z9mp xat24cr x1lziwak x1vvkbs xtlvy1s x126k92a\">\n<div dir=\"auto\"><\/div>\n<\/div>\n<div class=\"x14z9mp xat24cr x1lziwak x1vvkbs xtlvy1s x126k92a\">\n<div dir=\"auto\"><span class=\"html-span xexx8yu xyri2b x18d9i69 x1c1uobl x1hl2dhg x16tdsg8 x1vvkbs x3nfvp2 x1j61x8r x1fcty0u xdj266r xat24cr xm2jcoa x1mpyi22 xxymvpz xlup9mm x1kky2od\"><img loading=\"lazy\" decoding=\"async\" class=\"xz74otr x15mokao x1ga7v0g x16uus16 xbiv7yw\" src=\"https:\/\/static.xx.fbcdn.net\/images\/emoji.php\/v9\/t86\/1\/16\/1f383.png\" alt=\"\ud83c\udf83\" width=\"16\" height=\"16\" \/><\/span> As crian\u00e7as do CATL elaboraram ao longo da semana um postal personalizado, levando para casa uma das suas fotografias impressas \u2014 um doce registo desta data festiva e das mem\u00f3rias criadas ao longo da semana.<\/div>\n<div dir=\"auto\"><\/div>\n<\/div>\n<div class=\"x14z9mp xat24cr x1lziwak x1vvkbs xtlvy1s x126k92a\">\n<div dir=\"auto\"><span class=\"html-span xexx8yu xyri2b x18d9i69 x1c1uobl x1hl2dhg x16tdsg8 x1vvkbs x3nfvp2 x1j61x8r x1fcty0u xdj266r xat24cr xm2jcoa x1mpyi22 xxymvpz xlup9mm x1kky2od\"><img loading=\"lazy\" decoding=\"async\" class=\"xz74otr x15mokao x1ga7v0g x16uus16 xbiv7yw\" src=\"https:\/\/static.xx.fbcdn.net\/images\/emoji.php\/v9\/t49\/1\/16\/1f4da.png\" alt=\"\ud83d\udcda\" width=\"16\" height=\"16\" \/><\/span> J\u00e1 os mais pequeninos da Creche \u201cOs Ouricinhos\u201d visitaram o espa\u00e7o da <span class=\"html-span xdj266r x14z9mp xat24cr x1lziwak xexx8yu xyri2b x18d9i69 x1c1uobl x1hl2dhg x16tdsg8 x1vvkbs\"><a class=\"x1i10hfl xjbqb8w x1ejq31n x18oe1m7 x1sy0etr xstzfhl x972fbf x10w94by x1qhh985 x14e42zd x9f619 x1ypdohk xt0psk2 x3ct3a4 xdj266r x14z9mp xat24cr x1lziwak xexx8yu xyri2b x18d9i69 x1c1uobl x16tdsg8 x1hl2dhg xggy1nq x1a2a7pz xkrqix3 x1sur9pj x1fey0fg x1s688f\" tabindex=\"0\" role=\"link\" href=\"https:\/\/www.facebook.com\/BIBLIOMCP?__cft__[0]=AZX7niZ7iJHQXRT14JNYGnYpM7b_BZrhwIYUtK2vLnrVV_ONg53Mkax5I-_0v5vs5S6dRwAMrV8TuBNwUZSAbQW2rizqaeIv1VLOeY_U-QLghtXX7mDS6Rc2T1--4L9LkXgHtU3bUN1mseIiOup-2pesY3K16ODT1WSxgrlUxxax6IXLNnCt1EJ6ovqYayGyC8Qspo6SomWQ8wWsY5B3MVe8&amp;__tn__=-]K-R\"><span class=\"xt0psk2\"><span class=\"xjp7ctv\">Biblioteca Municipal de Castanheira de Pera<\/span><\/span><\/a><\/span> no dia 31 de outubro, onde realizaram tamb\u00e9m os seus postais, brincaram, exploraram o espa\u00e7o e, mais tarde, levaram para casa uma foto impressa como recorda\u00e7\u00e3o.<\/div>\n<div dir=\"auto\"><\/div>\n<\/div>\n<div class=\"x14z9mp xat24cr x1lziwak x1vvkbs xtlvy1s x126k92a\">\n<div dir=\"auto\"><span class=\"html-span xexx8yu xyri2b x18d9i69 x1c1uobl x1hl2dhg x16tdsg8 x1vvkbs x3nfvp2 x1j61x8r x1fcty0u xdj266r xat24cr xm2jcoa x1mpyi22 xxymvpz xlup9mm x1kky2od\"><img loading=\"lazy\" decoding=\"async\" class=\"xz74otr x15mokao x1ga7v0g x16uus16 xbiv7yw\" src=\"https:\/\/static.xx.fbcdn.net\/images\/emoji.php\/v9\/t79\/1\/16\/1f68c.png\" alt=\"\ud83d\ude8c\" width=\"16\" height=\"16\" \/><\/span> Um agradecimento muito especial ao <span class=\"html-span xdj266r x14z9mp xat24cr x1lziwak xexx8yu xyri2b x18d9i69 x1c1uobl x1hl2dhg x16tdsg8 x1vvkbs\"><a class=\"x1i10hfl xjbqb8w x1ejq31n x18oe1m7 x1sy0etr xstzfhl x972fbf x10w94by x1qhh985 x14e42zd x9f619 x1ypdohk xt0psk2 x3ct3a4 xdj266r x14z9mp xat24cr x1lziwak xexx8yu xyri2b x18d9i69 x1c1uobl x16tdsg8 x1hl2dhg xggy1nq x1a2a7pz xkrqix3 x1sur9pj x1fey0fg x1s688f\" tabindex=\"0\" role=\"link\" href=\"https:\/\/www.facebook.com\/MunicipioCastanheiradePera?__cft__[0]=AZX7niZ7iJHQXRT14JNYGnYpM7b_BZrhwIYUtK2vLnrVV_ONg53Mkax5I-_0v5vs5S6dRwAMrV8TuBNwUZSAbQW2rizqaeIv1VLOeY_U-QLghtXX7mDS6Rc2T1--4L9LkXgHtU3bUN1mseIiOup-2pesY3K16ODT1WSxgrlUxxax6IXLNnCt1EJ6ovqYayGyC8Qspo6SomWQ8wWsY5B3MVe8&amp;__tn__=-]K-R\"><span class=\"xt0psk2\"><span class=\"xjp7ctv\">Munic\u00edpio de Castanheira de Pera<\/span><\/span><\/a><\/span> pela ced\u00eancia do transporte, que tornou poss\u00edvel a desloca\u00e7\u00e3o das crian\u00e7as da creche at\u00e9 \u00e0 Biblioteca Municipal.<\/div>\n<div dir=\"auto\"><\/div>\n<\/div>\n<div class=\"x14z9mp xat24cr x1lziwak x1vvkbs xtlvy1s x126k92a\">\n<div dir=\"auto\"><span class=\"html-span xexx8yu xyri2b x18d9i69 x1c1uobl x1hl2dhg x16tdsg8 x1vvkbs x3nfvp2 x1j61x8r x1fcty0u xdj266r xat24cr xm2jcoa x1mpyi22 xxymvpz xlup9mm x1kky2od\"><img loading=\"lazy\" decoding=\"async\" class=\"xz74otr x15mokao x1ga7v0g x16uus16 xbiv7yw\" src=\"https:\/\/static.xx.fbcdn.net\/images\/emoji.php\/v9\/tfd\/1\/16\/1f9e1.png\" alt=\"\ud83e\udde1\" width=\"16\" height=\"16\" \/><\/span> Foi uma iniciativa repleta de alegria, criatividade e partilha, que envolveu as crian\u00e7as e a comunidade, tornando este Halloween ainda mais divertido!<\/div>\n<div dir=\"auto\"><\/div>\n<div dir=\"auto\"><a href=\"https:\/\/centroparoquialcastpera.pt\/wp-content\/uploads\/2025\/11\/581203956_122155223564869927_3709087752918860346_n.jpg\"><img loading=\"lazy\" decoding=\"async\" class=\"alignnone size-full wp-image-7580\" src=\"https:\/\/centroparoquialcastpera.pt\/wp-content\/uploads\/2025\/11\/581203956_122155223564869927_3709087752918860346_n.jpg\" alt=\"\" width=\"2040\" height=\"1144\" srcset=\"https:\/\/centroparoquialcastpera.pt\/wp-content\/uploads\/2025\/11\/581203956_122155223564869927_3709087752918860346_n.jpg 2040w, https:\/\/centroparoquialcastpera.pt\/wp-content\/uploads\/2025\/11\/581203956_122155223564869927_3709087752918860346_n-300x168.jpg 300w, https:\/\/centroparoquialcastpera.pt\/wp-content\/uploads\/2025\/11\/581203956_122155223564869927_3709087752918860346_n-1024x574.jpg 1024w, https:\/\/centroparoquialcastpera.pt\/wp-content\/uploads\/2025\/11\/581203956_122155223564869927_3709087752918860346_n-768x431.jpg 768w, https:\/\/centroparoquialcastpera.pt\/wp-content\/uploads\/2025\/11\/581203956_122155223564869927_3709087752918860346_n-1536x861.jpg 1536w, https:\/\/centroparoquialcastpera.pt\/wp-content\/uploads\/2025\/11\/581203956_122155223564869927_3709087752918860346_n-1920x1077.jpg 1920w\" sizes=\"(max-width: 2040px) 100vw, 2040px\" \/><\/a><\/div>\n<\/div>\n","protected":false},"excerpt":{"rendered":"<p>Entre os dias 27 e 31 de outubro, as crian\u00e7as da Creche \u201cOs Ouricinhos\u201d e do CATL viveram uma semana verdadeiramente especial no \u00e2mbito das celebra\u00e7\u00f5es do Halloween! A semana ficou marcada por uma mini sess\u00e3o fotogr\u00e1fica tem\u00e1tica, onde n\u00e3o faltaram penteados criativos, maquilhagens assustadoramente divertidas e muitos sorrisos! As crian\u00e7as do CATL elaboraram ao [&hellip;]<\/p>\n","protected":false},"author":1,"featured_media":7580,"comment_status":"closed","ping_status":"closed","sticky":false,"template":"","format":"standard","meta":{"saved_in_kubio":false,"footnotes":""},"categories":[8],"tags":[18],"class_list":["post-7579","post","type-post","status-publish","format-standard","has-post-thumbnail","hentry","category-clds-5g-entrelacar","tag-halloween2025"],"_links":{"self":[{"href":"https:\/\/centroparoquialcastpera.pt\/index.php?rest_route=\/wp\/v2\/posts\/7579","targetHints":{"allow":["GET"]}}],"collection":[{"href":"https:\/\/centroparoquialcastpera.pt\/index.php?rest_route=\/wp\/v2\/posts"}],"about":[{"href":"https:\/\/centroparoquialcastpera.pt\/index.php?rest_route=\/wp\/v2\/types\/post"}],"author":[{"embeddable":true,"href":"https:\/\/centroparoquialcastpera.pt\/index.php?rest_route=\/wp\/v2\/users\/1"}],"replies":[{"embeddable":true,"href":"https:\/\/centroparoquialcastpera.pt\/index.php?rest_route=%2Fwp%2Fv2%2Fcomments&post=7579"}],"version-history":[{"count":1,"href":"https:\/\/centroparoquialcastpera.pt\/index.php?rest_route=\/wp\/v2\/posts\/7579\/revisions"}],"predecessor-version":[{"id":7581,"href":"https:\/\/centroparoquialcastpera.pt\/index.php?rest_route=\/wp\/v2\/posts\/7579\/revisions\/7581"}],"wp:featuredmedia":[{"embeddable":true,"href":"https:\/\/centroparoquialcastpera.pt\/index.php?rest_route=\/wp\/v2\/media\/7580"}],"wp:attachment":[{"href":"https:\/\/centroparoquialcastpera.pt\/index.php?rest_route=%2Fwp%2Fv2%2Fmedia&parent=7579"}],"wp:term":[{"taxonomy":"category","embeddable":true,"href":"https:\/\/centroparoquialcastpera.pt\/index.php?rest_route=%2Fwp%2Fv2%2Fcategories&post=7579"},{"taxonomy":"post_tag","embeddable":true,"href":"https:\/\/centroparoquialcastpera.pt\/index.php?rest_route=%2Fwp%2Fv2%2Ftags&post=7579"}],"curies":[{"name":"wp","href":"https:\/\/api.w.org\/{rel}","templated":true}]}}