{"id":7554,"date":"2025-11-12T12:01:54","date_gmt":"2025-11-12T12:01:54","guid":{"rendered":"https:\/\/centroparoquialcastpera.pt\/?p=7554"},"modified":"2025-11-13T16:38:21","modified_gmt":"2025-11-13T16:38:21","slug":"recrutamento-educadora-de-infancia","status":"publish","type":"post","link":"https:\/\/centroparoquialcastpera.pt\/?p=7554","title":{"rendered":"Recrutamento &#8211; Educador(a) de Inf\u00e2ncia"},"content":{"rendered":"<p data-start=\"194\" data-end=\"249\">Aviso de Recrutamento<br data-start=\"219\" data-end=\"222\" \/>Educador(a) de Inf\u00e2ncia<\/p>\n<p data-start=\"251\" data-end=\"418\">O Centro Paroquial de Solidariedade Social de Castanheira de Pera informa que se encontra em processo de recrutamento para a fun\u00e7\u00e3o de Educador(a) de Inf\u00e2ncia.<\/p>\n<p data-start=\"420\" data-end=\"449\">Requisitos de Admiss\u00e3o:<\/p>\n<ul data-start=\"450\" data-end=\"671\">\n<li data-start=\"450\" data-end=\"505\">\n<p data-start=\"452\" data-end=\"505\">Licenciatura em Educa\u00e7\u00e3o de Inf\u00e2ncia (obrigat\u00f3rio);<\/p>\n<\/li>\n<li data-start=\"506\" data-end=\"535\">\n<p data-start=\"508\" data-end=\"535\">Disponibilidade imediata;<\/p>\n<\/li>\n<li data-start=\"536\" data-end=\"605\">\n<p data-start=\"538\" data-end=\"605\">Experi\u00eancia profissional na \u00e1rea, adequada \u00e0s fun\u00e7\u00f5es (opcional);<\/p>\n<\/li>\n<li data-start=\"606\" data-end=\"671\">\n<p data-start=\"608\" data-end=\"671\">Compet\u00eancias t\u00e9cnicas e aptid\u00e3o para o exerc\u00edcio das fun\u00e7\u00f5es.<\/p>\n<\/li>\n<\/ul>\n<p data-start=\"673\" data-end=\"697\">Perfil Pretendido:<\/p>\n<ul data-start=\"698\" data-end=\"977\">\n<li data-start=\"698\" data-end=\"759\">\n<p data-start=\"700\" data-end=\"759\">Capacidade de dinamiza\u00e7\u00e3o, organiza\u00e7\u00e3o e gest\u00e3o de tempo;<\/p>\n<\/li>\n<li data-start=\"760\" data-end=\"826\">\n<p data-start=\"762\" data-end=\"826\">Autonomia, criatividade e elevado sentido de responsabilidade;<\/p>\n<\/li>\n<li data-start=\"827\" data-end=\"900\">\n<p data-start=\"829\" data-end=\"900\">Capacidade de gest\u00e3o de m\u00faltiplas tarefas, rigor e confidencialidade;<\/p>\n<\/li>\n<li data-start=\"901\" data-end=\"977\">\n<p data-start=\"903\" data-end=\"977\">Esp\u00edrito de equipa, proatividade e capacidade de resolu\u00e7\u00e3o de problemas.<\/p>\n<\/li>\n<\/ul>\n<p data-start=\"979\" data-end=\"1011\">Documenta\u00e7\u00e3o a apresentar:<\/p>\n<ul data-start=\"1012\" data-end=\"1154\">\n<li data-start=\"1012\" data-end=\"1047\">\n<p data-start=\"1014\" data-end=\"1047\">Curriculum Vitae (obrigat\u00f3rio);<\/p>\n<\/li>\n<li data-start=\"1048\" data-end=\"1107\">\n<p data-start=\"1050\" data-end=\"1107\">Comprovativo das habilita\u00e7\u00f5es liter\u00e1rias (obrigat\u00f3rio);<\/p>\n<\/li>\n<li data-start=\"1108\" data-end=\"1154\">\n<p data-start=\"1110\" data-end=\"1154\">Outra documenta\u00e7\u00e3o considerada pertinente.<\/p>\n<\/li>\n<\/ul>\n<p data-start=\"1156\" data-end=\"1365\">Formaliza\u00e7\u00e3o da candidatura:<br data-start=\"1188\" data-end=\"1191\" \/>As candidaturas dever\u00e3o ser formalizadas atrav\u00e9s do envio dos documentos solicitados para o endere\u00e7o eletr\u00f3nico <a class=\"decorated-link cursor-pointer\" rel=\"noopener\" data-start=\"1305\" data-end=\"1323\">cpssdecp@gmail.com<\/a>, at\u00e9 ao dia 14 de novembro de 2025.<\/p>\n<p data-start=\"1367\" data-end=\"1493\">Castanheira de Pera, 3 de novembro de 2025,<br data-start=\"1409\" data-end=\"1412\" \/>A Dire\u00e7\u00e3o<br data-start=\"1425\" data-end=\"1428\" \/>Centro Paroquial de Solidariedade Social de Castanheira de Pera<\/p>\n<p data-start=\"1367\" data-end=\"1493\">\n<p data-start=\"1367\" data-end=\"1493\"><a href=\"https:\/\/centroparoquialcastpera.pt\/wp-content\/uploads\/2025\/11\/577062103_3833182380158928_5137153664849835654_n.jpg\"><img loading=\"lazy\" decoding=\"async\" class=\"size-full wp-image-7555 aligncenter\" src=\"https:\/\/centroparoquialcastpera.pt\/wp-content\/uploads\/2025\/11\/577062103_3833182380158928_5137153664849835654_n.jpg\" alt=\"\" width=\"736\" height=\"798\" srcset=\"https:\/\/centroparoquialcastpera.pt\/wp-content\/uploads\/2025\/11\/577062103_3833182380158928_5137153664849835654_n.jpg 736w, https:\/\/centroparoquialcastpera.pt\/wp-content\/uploads\/2025\/11\/577062103_3833182380158928_5137153664849835654_n-277x300.jpg 277w\" sizes=\"(max-width: 736px) 100vw, 736px\" \/><\/a><\/p>\n","protected":false},"excerpt":{"rendered":"<p>Aviso de RecrutamentoEducador(a) de Inf\u00e2ncia O Centro Paroquial de Solidariedade Social de Castanheira de Pera informa que se encontra em processo de recrutamento para a fun\u00e7\u00e3o de Educador(a) de Inf\u00e2ncia. Requisitos de Admiss\u00e3o: Licenciatura em Educa\u00e7\u00e3o de Inf\u00e2ncia (obrigat\u00f3rio); Disponibilidade imediata; Experi\u00eancia profissional na \u00e1rea, adequada \u00e0s fun\u00e7\u00f5es (opcional); Compet\u00eancias t\u00e9cnicas e aptid\u00e3o para o [&hellip;]<\/p>\n","protected":false},"author":1,"featured_media":7555,"comment_status":"closed","ping_status":"closed","sticky":true,"template":"","format":"standard","meta":{"saved_in_kubio":false,"footnotes":""},"categories":[16],"tags":[20],"class_list":["post-7554","post","type-post","status-publish","format-standard","has-post-thumbnail","hentry","category-cpss","tag-recrutamento"],"_links":{"self":[{"href":"https:\/\/centroparoquialcastpera.pt\/index.php?rest_route=\/wp\/v2\/posts\/7554","targetHints":{"allow":["GET"]}}],"collection":[{"href":"https:\/\/centroparoquialcastpera.pt\/index.php?rest_route=\/wp\/v2\/posts"}],"about":[{"href":"https:\/\/centroparoquialcastpera.pt\/index.php?rest_route=\/wp\/v2\/types\/post"}],"author":[{"embeddable":true,"href":"https:\/\/centroparoquialcastpera.pt\/index.php?rest_route=\/wp\/v2\/users\/1"}],"replies":[{"embeddable":true,"href":"https:\/\/centroparoquialcastpera.pt\/index.php?rest_route=%2Fwp%2Fv2%2Fcomments&post=7554"}],"version-history":[{"count":1,"href":"https:\/\/centroparoquialcastpera.pt\/index.php?rest_route=\/wp\/v2\/posts\/7554\/revisions"}],"predecessor-version":[{"id":7556,"href":"https:\/\/centroparoquialcastpera.pt\/index.php?rest_route=\/wp\/v2\/posts\/7554\/revisions\/7556"}],"wp:featuredmedia":[{"embeddable":true,"href":"https:\/\/centroparoquialcastpera.pt\/index.php?rest_route=\/wp\/v2\/media\/7555"}],"wp:attachment":[{"href":"https:\/\/centroparoquialcastpera.pt\/index.php?rest_route=%2Fwp%2Fv2%2Fmedia&parent=7554"}],"wp:term":[{"taxonomy":"category","embeddable":true,"href":"https:\/\/centroparoquialcastpera.pt\/index.php?rest_route=%2Fwp%2Fv2%2Fcategories&post=7554"},{"taxonomy":"post_tag","embeddable":true,"href":"https:\/\/centroparoquialcastpera.pt\/index.php?rest_route=%2Fwp%2Fv2%2Ftags&post=7554"}],"curies":[{"name":"wp","href":"https:\/\/api.w.org\/{rel}","templated":true}]}}