{"id":7547,"date":"2025-11-12T11:41:39","date_gmt":"2025-11-12T11:41:39","guid":{"rendered":"https:\/\/centroparoquialcastpera.pt\/?p=7547"},"modified":"2025-11-12T11:41:39","modified_gmt":"2025-11-12T11:41:39","slug":"ipss-de-castanheira-de-pera-com-projeto-para-transformar-desperdicios-de-la-em-pecas-de-moda-jornal-regiao-de-leiria","status":"publish","type":"post","link":"https:\/\/centroparoquialcastpera.pt\/?p=7547","title":{"rendered":"IPSS de Castanheira de Pera com projeto para transformar desperd\u00edcios de l\u00e3 em pe\u00e7as de moda &#8211; Jornal &#8220;Regi\u00e3o de Leiria&#8221;"},"content":{"rendered":"<p>O Centro Paroquial de Solidariedade Social de Castanheira de Pera, institui\u00e7\u00e3o particular de solidariedade social (IPSS), prev\u00ea arrancar em dezembro com um projeto para transformar desperd\u00edcios de l\u00e3 de uma empresa do concelho em pe\u00e7as de moda sustent\u00e1vel.<\/p>\n<p>\u201cO projeto \u2018Saia de Casa\u2019 transforma desperd\u00edcios de l\u00e3 da empresa Albano Morgado em pe\u00e7as de moda sustent\u00e1vel, com enfoque na produ\u00e7\u00e3o de saias e artigos exclusivos em 100% l\u00e3\u201d, afirmou \u00e0 ag\u00eancia Lusa a tesoureira da institui\u00e7\u00e3o, Maria Helena Correia.<\/p>\n<p>Segundo esta respons\u00e1vel, a iniciativa \u201calia a tradi\u00e7\u00e3o, criatividade e responsabilidade ambiental, promovendo a economia circular e novas oportunidades para a comunidade local\u201d.<\/p>\n<p>O objetivo passa por, atrav\u00e9s da valoriza\u00e7\u00e3o, \u201creduzir, significativamente, o volume do desperd\u00edcio t\u00eaxtil\u201d da empresa quase centen\u00e1ria Albano Morgado, sediada neste concelho do norte do distrito de Leiria, e criar uma \u201clinha de produtos de modo sustent\u00e1vel que dinamize e contribua para a economia local\u201d.<\/p>\n<p>Maria Helena Correia adiantou que se pretende, tamb\u00e9m, \u201cenvolver a comunidade e promover emprego local qualificado, apoiando artes\u00e3os e designers emergentes\u201d, ou \u201cvalorizar a tradi\u00e7\u00e3o da l\u00e3 portuguesa e projetar a identidade do concelho\u201d.<\/p>\n<p>\u201cSensibilizar consumidores e parceiros para a import\u00e2ncia da moda e da \u00e9tica, posicionar Castanheira de Pera como exemplo de boas pr\u00e1ticas em ind\u00fastria t\u00eaxtil e sustent\u00e1vel, e exportar pe\u00e7as para mercados que valorizem o design respons\u00e1vel\u201d est\u00e3o, igualmente, entre os objetivos.<\/p>\n<p>Este projeto \u201cdestina-se \u00e0 comunidade local e concelhos lim\u00edtrofes, designadamente \u00e0s senhoras e jovens que queiram dedicar-se \u00e0 confe\u00e7\u00e3o e aumentar seus rendimentos de uma forma sustent\u00e1vel\u201d, declarou Maria Helena Correia.<\/p>\n<p>A tesoureira explicou que a institui\u00e7\u00e3o, j\u00e1 h\u00e1 algum tempo, pretendia \u201cimplementar um projeto desta natureza\u201d, real\u00e7ando \u201co historial da ind\u00fastria t\u00eaxtil\u201d do concelho, para salientar que a empresa Albano Morgado \u00e9 o \u201cparceiro ideal\u201d ao disponibilizar desperd\u00edcios e tecidos para confecionar roupa e acess\u00f3rios 100% l\u00e3.<\/p>\n<p>\u201cQueremos dar uma capacita\u00e7\u00e3o t\u00e9cnica \u00e0s pessoas da comunidade, para o trabalho de costura e de design de moda\u201d, al\u00e9m de outras ferramentas, como \u201ca possibilidade de criarem um modelo de neg\u00f3cio\u201d para alcan\u00e7arem independ\u00eancia a n\u00edvel financeiro, real\u00e7ou esta respons\u00e1vel.<\/p>\n<p>Maria Helena Correia acrescentou que vai ser necess\u00e1rio comprar equipamento, como m\u00e1quinas de costura e de bordar, e outro material, e contratar formador.<\/p>\n<p>Quanto aos produtos feitos no \u00e2mbito do projeto, equaciona-se fazer um bazar para venda.<\/p>\n<p>\u201cSaia de Casa\u201d vai desenvolver-se nas instala\u00e7\u00f5es do Centro Paroquial de Solidariedade Social de Castanheira de Pera e recebeu financiamento de 24.900 euros da 7.\u00aa edi\u00e7\u00e3o dos pr\u00e9mios \u201cCaixa Social\u201d, da Caixa Geral de Dep\u00f3sitos. Tem apoio log\u00edstico e financeiro, se necess\u00e1rio, do munic\u00edpio.<\/p>\n<p>\u00c9 tamb\u00e9m parceira a Escola Tecnol\u00f3gica e Profissional da Zona do Pinhal.<\/p>\n<p>\u201cEst\u00e1 previsto para um ano, depois, se der frutos, com certeza que iremos dar continuidade\u201d ao projeto, assegurou a tesoureira da institui\u00e7\u00e3o.<\/p>\n<p>Esta IPSS foi criada em abril de 1980 e disp\u00f5e de um centro de atividades de tempos livres, creche e centro comunit\u00e1rio, desenvolvendo ainda outras atividades.<\/p>\n<p><strong>Not\u00edcia escrita pelo Jornal &#8220;Regi\u00e3o de Leiria&#8221;:<br \/>\n<a href=\"https:\/\/www.regiaodeleiria.pt\/2025\/11\/ipss-de-castanheira-de-pera-com-projeto-para-transformar-desperdicios-de-la-em-pecas-de-moda\/\">https:\/\/www.regiaodeleiria.pt\/2025\/11\/ipss-de-castanheira-de-pera-com-projeto-para-transformar-desperdicios-de-la-em-pecas-de-moda\/<\/a><\/strong><\/p>\n<p><a href=\"https:\/\/centroparoquialcastpera.pt\/wp-content\/uploads\/2025\/11\/Captura-de-ecra-2025-11-12-113542.png\"><img loading=\"lazy\" decoding=\"async\" class=\"alignnone size-full wp-image-7548\" src=\"https:\/\/centroparoquialcastpera.pt\/wp-content\/uploads\/2025\/11\/Captura-de-ecra-2025-11-12-113542.png\" alt=\"\" width=\"1919\" height=\"941\" srcset=\"https:\/\/centroparoquialcastpera.pt\/wp-content\/uploads\/2025\/11\/Captura-de-ecra-2025-11-12-113542.png 1919w, https:\/\/centroparoquialcastpera.pt\/wp-content\/uploads\/2025\/11\/Captura-de-ecra-2025-11-12-113542-300x147.png 300w, https:\/\/centroparoquialcastpera.pt\/wp-content\/uploads\/2025\/11\/Captura-de-ecra-2025-11-12-113542-1024x502.png 1024w, https:\/\/centroparoquialcastpera.pt\/wp-content\/uploads\/2025\/11\/Captura-de-ecra-2025-11-12-113542-768x377.png 768w, https:\/\/centroparoquialcastpera.pt\/wp-content\/uploads\/2025\/11\/Captura-de-ecra-2025-11-12-113542-1536x753.png 1536w\" sizes=\"(max-width: 1919px) 100vw, 1919px\" \/><\/a><\/p>\n","protected":false},"excerpt":{"rendered":"<p>O Centro Paroquial de Solidariedade Social de Castanheira de Pera, institui\u00e7\u00e3o particular de solidariedade social (IPSS), prev\u00ea arrancar em dezembro com um projeto para transformar desperd\u00edcios de l\u00e3 de uma empresa do concelho em pe\u00e7as de moda sustent\u00e1vel. \u201cO projeto \u2018Saia de Casa\u2019 transforma desperd\u00edcios de l\u00e3 da empresa Albano Morgado em pe\u00e7as de moda [&hellip;]<\/p>\n","protected":false},"author":1,"featured_media":7548,"comment_status":"closed","ping_status":"closed","sticky":false,"template":"","format":"standard","meta":{"saved_in_kubio":false,"footnotes":""},"categories":[19],"tags":[17],"class_list":["post-7547","post","type-post","status-publish","format-standard","has-post-thumbnail","hentry","category-saia-de-casa","tag-saia-de-casa"],"_links":{"self":[{"href":"https:\/\/centroparoquialcastpera.pt\/index.php?rest_route=\/wp\/v2\/posts\/7547","targetHints":{"allow":["GET"]}}],"collection":[{"href":"https:\/\/centroparoquialcastpera.pt\/index.php?rest_route=\/wp\/v2\/posts"}],"about":[{"href":"https:\/\/centroparoquialcastpera.pt\/index.php?rest_route=\/wp\/v2\/types\/post"}],"author":[{"embeddable":true,"href":"https:\/\/centroparoquialcastpera.pt\/index.php?rest_route=\/wp\/v2\/users\/1"}],"replies":[{"embeddable":true,"href":"https:\/\/centroparoquialcastpera.pt\/index.php?rest_route=%2Fwp%2Fv2%2Fcomments&post=7547"}],"version-history":[{"count":1,"href":"https:\/\/centroparoquialcastpera.pt\/index.php?rest_route=\/wp\/v2\/posts\/7547\/revisions"}],"predecessor-version":[{"id":7549,"href":"https:\/\/centroparoquialcastpera.pt\/index.php?rest_route=\/wp\/v2\/posts\/7547\/revisions\/7549"}],"wp:featuredmedia":[{"embeddable":true,"href":"https:\/\/centroparoquialcastpera.pt\/index.php?rest_route=\/wp\/v2\/media\/7548"}],"wp:attachment":[{"href":"https:\/\/centroparoquialcastpera.pt\/index.php?rest_route=%2Fwp%2Fv2%2Fmedia&parent=7547"}],"wp:term":[{"taxonomy":"category","embeddable":true,"href":"https:\/\/centroparoquialcastpera.pt\/index.php?rest_route=%2Fwp%2Fv2%2Fcategories&post=7547"},{"taxonomy":"post_tag","embeddable":true,"href":"https:\/\/centroparoquialcastpera.pt\/index.php?rest_route=%2Fwp%2Fv2%2Ftags&post=7547"}],"curies":[{"name":"wp","href":"https:\/\/api.w.org\/{rel}","templated":true}]}}