{"id":7534,"date":"2025-11-12T11:18:23","date_gmt":"2025-11-12T11:18:23","guid":{"rendered":"https:\/\/centroparoquialcastpera.pt\/?p=7534"},"modified":"2025-11-12T11:49:58","modified_gmt":"2025-11-12T11:49:58","slug":"castanheira-de-pera-distinguida-nos-premios-caixa-social-2025","status":"publish","type":"post","link":"https:\/\/centroparoquialcastpera.pt\/?p=7534","title":{"rendered":"Castanheira de Pera distinguida nos Pr\u00e9mios Caixa Social 2025"},"content":{"rendered":"<div class=\"x14z9mp xat24cr x1lziwak x1vvkbs xtlvy1s x126k92a\">\n<h4 dir=\"auto\"><strong>Castanheira de Pera distinguida nos Pr\u00e9mios Caixa Social 2025<\/strong><\/h4>\n<div dir=\"auto\">O \ud835\udc02\ud835\udc1e\ud835\udc27\ud835\udc2d\ud835\udc2b\ud835\udc28 \ud835\udc0f\ud835\udc1a\ud835\udc2b\ud835\udc28\ud835\udc2a\ud835\udc2e\ud835\udc22\ud835\udc1a\ud835\udc25 \ud835\udc1d\ud835\udc1e \ud835\udc12\ud835\udc28\ud835\udc25\ud835\udc22\ud835\udc1d\ud835\udc1a\ud835\udc2b\ud835\udc22\ud835\udc1e\ud835\udc1d\ud835\udc1a\ud835\udc1d\ud835\udc1e \ud835\udc12\ud835\udc28\ud835\udc1c\ud835\udc22\ud835\udc1a\ud835\udc25 \ud835\udc1d\ud835\udc1e \ud835\udc02\ud835\udc1a\ud835\udc2c\ud835\udc2d\ud835\udc1a\ud835\udc27\ud835\udc21\ud835\udc1e\ud835\udc22\ud835\udc2b\ud835\udc1a \ud835\udc1d\ud835\udc1e \ud835\udc0f\ud835\udc1e\ud835\udc2b\ud835\udc1a foi uma das entidades vencedoras da \ud835\udfd5.\u00aa \ud835\udc04\ud835\udc1d\ud835\udc22\ud835\udc1c\u0327\ud835\udc1a\u0303\ud835\udc28 \ud835\udc1d\ud835\udc28\ud835\udc2c \ud835\udc0f\ud835\udc2b\ud835\udc1e\u0301\ud835\udc26\ud835\udc22\ud835\udc28\ud835\udc2c \ud835\udc02\ud835\udc1a\ud835\udc22\ud835\udc31\ud835\udc1a \ud835\udc12\ud835\udc28\ud835\udc1c\ud835\udc22\ud835\udc1a\ud835\udc25 \ud835\udfd0\ud835\udfce\ud835\udfd0\ud835\udfd3, promovidos pela <span class=\"html-span xdj266r x14z9mp xat24cr x1lziwak xexx8yu xyri2b x18d9i69 x1c1uobl x1hl2dhg x16tdsg8 x1vvkbs\"><a class=\"x1i10hfl xjbqb8w x1ejq31n x18oe1m7 x1sy0etr xstzfhl x972fbf x10w94by x1qhh985 x14e42zd x9f619 x1ypdohk xt0psk2 x3ct3a4 xdj266r x14z9mp xat24cr x1lziwak xexx8yu xyri2b x18d9i69 x1c1uobl x16tdsg8 x1hl2dhg xggy1nq x1a2a7pz xkrqix3 x1sur9pj x1fey0fg x1s688f\" tabindex=\"0\" role=\"link\" href=\"https:\/\/www.facebook.com\/groups\/390140457689781\/user\/100069073543675\/?__cft__[0]=AZURcyo2_U6Ui8mRKYIY2U3T92TMJELJKAHuEjS1lZCIW5kBuLl9q2YPwfIne39tvS1yqzrHp14UGU1X4BqBwV8YmZ1w2s3QX8ZDR5CHvX7Lici96kjiH75vlfBvpUzBWTcbCgayGtKeT5B8cbC41QBYtL1RedOYr-jBtOHbs7Kg7w&amp;__tn__=-]K-R\"><span class=\"xt0psk2\"><span class=\"xjp7ctv\">Caixa Geral de Dep\u00f3sitos<\/span><\/span><\/a><\/span>, com o projeto \u201c\ud835\udc46\ud835\udc4e\ud835\udc56\ud835\udc4e \ud835\udc51\ud835\udc52 \ud835\udc36\ud835\udc4e\ud835\udc60\ud835\udc4e\u201d, na \u00e1rea de \ud835\udc08\ud835\udc27\ud835\udc1c\ud835\udc25\ud835\udc2e\ud835\udc2c\ud835\udc1a\u0303\ud835\udc28 \ud835\udc12\ud835\udc28\ud835\udc1c\ud835\udc22\ud835\udc1a\ud835\udc25 e \ud835\udc12\ud835\udc28\ud835\udc25\ud835\udc22\ud835\udc1d\ud835\udc1a\ud835\udc2b\ud835\udc22\ud835\udc1e\ud835\udc1d\ud835\udc1a\ud835\udc1d\ud835\udc1e, \ud835\udc0f\ud835\udc2b\ud835\udc1e\ud835\udc2f\ud835\udc1e\ud835\udc27\ud835\udc1c\u0327\ud835\udc1a\u0303\ud835\udc28 e \ud835\udc02\ud835\udc2e\ud835\udc22\ud835\udc1d\ud835\udc1a\ud835\udc1d\ud835\udc28\ud835\udc2c \ud835\udc1d\ud835\udc1e \ud835\udc12\ud835\udc1a\ud835\udc2e\u0301\ud835\udc1d\ud835\udc1e, \ud835\udc05\ud835\udc28\ud835\udc2b\ud835\udc26\ud835\udc1a\ud835\udc1c\u0327\ud835\udc1a\u0303\ud835\udc28 e \ud835\udc02\ud835\udc1a\ud835\udc29\ud835\udc1a\ud835\udc1c\ud835\udc22\ud835\udc2d\ud835\udc1a\ud835\udc1c\u0327\ud835\udc1a\u0303\ud835\udc28.<\/div>\n<div dir=\"auto\"><\/div>\n<\/div>\n<div class=\"x14z9mp xat24cr x1lziwak x1vvkbs xtlvy1s x126k92a\">\n<div dir=\"auto\"><span class=\"html-span xexx8yu xyri2b x18d9i69 x1c1uobl x1hl2dhg x16tdsg8 x1vvkbs x3nfvp2 x1j61x8r x1fcty0u xdj266r xat24cr xm2jcoa x1mpyi22 xxymvpz xlup9mm x1kky2od\"><img loading=\"lazy\" decoding=\"async\" class=\"xz74otr x15mokao x1ga7v0g x16uus16 xbiv7yw\" src=\"https:\/\/static.xx.fbcdn.net\/images\/emoji.php\/v9\/tb0\/1\/16\/2702.png\" alt=\"\u2702\ufe0f\" width=\"16\" height=\"16\" \/><\/span> Este projeto inovador de \ud835\udc2e\ud835\udc29\ud835\udc1c\ud835\udc32\ud835\udc1c\ud835\udc25\ud835\udc22\ud835\udc27\ud835\udc20 \ud835\udc2d\ud835\udc1e\u0302\ud835\udc31\ud835\udc2d\ud835\udc22\ud835\udc25 transforma desperd\u00edcios de l\u00e3 da empresa <span class=\"html-span xdj266r x14z9mp xat24cr x1lziwak xexx8yu xyri2b x18d9i69 x1c1uobl x1hl2dhg x16tdsg8 x1vvkbs\"><a class=\"x1i10hfl xjbqb8w x1ejq31n x18oe1m7 x1sy0etr xstzfhl x972fbf x10w94by x1qhh985 x14e42zd x9f619 x1ypdohk xt0psk2 x3ct3a4 xdj266r x14z9mp xat24cr x1lziwak xexx8yu xyri2b x18d9i69 x1c1uobl x16tdsg8 x1hl2dhg xggy1nq x1a2a7pz xkrqix3 x1sur9pj x1fey0fg x1s688f\" tabindex=\"0\" role=\"link\" href=\"https:\/\/www.facebook.com\/groups\/390140457689781\/user\/100079533821888\/?__cft__[0]=AZURcyo2_U6Ui8mRKYIY2U3T92TMJELJKAHuEjS1lZCIW5kBuLl9q2YPwfIne39tvS1yqzrHp14UGU1X4BqBwV8YmZ1w2s3QX8ZDR5CHvX7Lici96kjiH75vlfBvpUzBWTcbCgayGtKeT5B8cbC41QBYtL1RedOYr-jBtOHbs7Kg7w&amp;__tn__=-]K-R\"><span class=\"xt0psk2\"><span class=\"xjp7ctv\">Albano Morgado, S.A.<\/span><\/span><\/a><\/span> em pe\u00e7as de moda sustent\u00e1vel, promovendo a economia circular, a forma\u00e7\u00e3o profissional e a valoriza\u00e7\u00e3o da comunidade local, com o acompanhamento t\u00e9cnico da designer Daniela Pais, fundadora da marca \ud835\udc38\ud835\udc59\ud835\udc52\ud835\udc5a\ud835\udc52\ud835\udc5b\ud835\udc61\ud835\udc62\ud835\udc5a.<\/div>\n<div dir=\"auto\"><\/div>\n<\/div>\n<div class=\"x14z9mp xat24cr x1lziwak x1vvkbs xtlvy1s x126k92a\">\n<div dir=\"auto\"><span class=\"html-span xexx8yu xyri2b x18d9i69 x1c1uobl x1hl2dhg x16tdsg8 x1vvkbs x3nfvp2 x1j61x8r x1fcty0u xdj266r xat24cr xm2jcoa x1mpyi22 xxymvpz xlup9mm x1kky2od\"><img loading=\"lazy\" decoding=\"async\" class=\"xz74otr x15mokao x1ga7v0g x16uus16 xbiv7yw\" src=\"https:\/\/static.xx.fbcdn.net\/images\/emoji.php\/v9\/t1e\/1\/16\/1f33f.png\" alt=\"\ud83c\udf3f\" width=\"16\" height=\"16\" \/><\/span> O <span class=\"html-span xdj266r x14z9mp xat24cr x1lziwak xexx8yu xyri2b x18d9i69 x1c1uobl x1hl2dhg x16tdsg8 x1vvkbs\"><a class=\"x1i10hfl xjbqb8w x1ejq31n x18oe1m7 x1sy0etr xstzfhl x972fbf x10w94by x1qhh985 x14e42zd x9f619 x1ypdohk xt0psk2 x3ct3a4 xdj266r x14z9mp xat24cr x1lziwak xexx8yu xyri2b x18d9i69 x1c1uobl x16tdsg8 x1hl2dhg xggy1nq x1a2a7pz xkrqix3 x1sur9pj x1fey0fg x1s688f\" tabindex=\"0\" role=\"link\" href=\"https:\/\/www.facebook.com\/groups\/390140457689781\/user\/100064427932568\/?__cft__[0]=AZURcyo2_U6Ui8mRKYIY2U3T92TMJELJKAHuEjS1lZCIW5kBuLl9q2YPwfIne39tvS1yqzrHp14UGU1X4BqBwV8YmZ1w2s3QX8ZDR5CHvX7Lici96kjiH75vlfBvpUzBWTcbCgayGtKeT5B8cbC41QBYtL1RedOYr-jBtOHbs7Kg7w&amp;__tn__=-]K-R\"><span class=\"xt0psk2\"><span class=\"xjp7ctv\">Munic\u00edpio de Castanheira de Pera<\/span><\/span><\/a><\/span> orgulha-se de ser parceiro deste projeto, contribuindo com apoio log\u00edstico e material, e felicita o Centro Paroquial pela distin\u00e7\u00e3o alcan\u00e7ada, reconhecendo o seu papel essencial na promo\u00e7\u00e3o da inclus\u00e3o social, da criatividade e da sustentabilidade no concelho.<\/div>\n<div dir=\"auto\"><\/div>\n<\/div>\n<div class=\"x14z9mp xat24cr x1lziwak x1vvkbs xtlvy1s x126k92a\">\n<div dir=\"auto\"><span class=\"html-span xexx8yu xyri2b x18d9i69 x1c1uobl x1hl2dhg x16tdsg8 x1vvkbs x3nfvp2 x1j61x8r x1fcty0u xdj266r xat24cr xm2jcoa x1mpyi22 xxymvpz xlup9mm x1kky2od\"><img loading=\"lazy\" decoding=\"async\" class=\"xz74otr x15mokao x1ga7v0g x16uus16 xbiv7yw\" src=\"https:\/\/static.xx.fbcdn.net\/images\/emoji.php\/v9\/t80\/1\/16\/1f64f.png\" alt=\"\ud83d\ude4f\" width=\"16\" height=\"16\" \/><\/span> Um agradecimento especial \u00e0 Caixa Geral de Dep\u00f3sitos, na pessoa da Dr.\u00aa Rita Pereira, pela valoriza\u00e7\u00e3o das boas pr\u00e1ticas e do impacto social local.<\/div>\n<div dir=\"auto\"><\/div>\n<\/div>\n<div class=\"x14z9mp xat24cr x1lziwak x1vvkbs xtlvy1s x126k92a\">\n<div dir=\"auto\"><span class=\"html-span xexx8yu xyri2b x18d9i69 x1c1uobl x1hl2dhg x16tdsg8 x1vvkbs x3nfvp2 x1j61x8r x1fcty0u xdj266r xat24cr xm2jcoa x1mpyi22 xxymvpz xlup9mm x1kky2od\"><img loading=\"lazy\" decoding=\"async\" class=\"xz74otr x15mokao x1ga7v0g x16uus16 xbiv7yw\" src=\"https:\/\/static.xx.fbcdn.net\/images\/emoji.php\/v9\/tde\/1\/16\/1f4f8.png\" alt=\"\ud83d\udcf8\" width=\"16\" height=\"16\" \/><\/span> A cerim\u00f3nia de entrega dos Pr\u00e9mios Caixa Social terminou com um emocionante espet\u00e1culo de \u201cDan\u00e7a com Impacto em Boas Causas\u201d, celebrando o compromisso das institui\u00e7\u00f5es com um futuro mais solid\u00e1rio.<\/div>\n<div dir=\"auto\"><\/div>\n<\/div>\n<div dir=\"auto\"><a href=\"https:\/\/centroparoquialcastpera.pt\/wp-content\/uploads\/2025\/11\/WhatsApp-Image-2025-11-12-at-11.14.54.jpeg\"><img loading=\"lazy\" decoding=\"async\" class=\"wp-image-7537 aligncenter\" src=\"https:\/\/centroparoquialcastpera.pt\/wp-content\/uploads\/2025\/11\/WhatsApp-Image-2025-11-12-at-11.14.54.jpeg\" alt=\"\" width=\"494\" height=\"278\" srcset=\"https:\/\/centroparoquialcastpera.pt\/wp-content\/uploads\/2025\/11\/WhatsApp-Image-2025-11-12-at-11.14.54.jpeg 480w, https:\/\/centroparoquialcastpera.pt\/wp-content\/uploads\/2025\/11\/WhatsApp-Image-2025-11-12-at-11.14.54-300x169.jpeg 300w\" sizes=\"(max-width: 494px) 100vw, 494px\" \/><\/a><a href=\"https:\/\/centroparoquialcastpera.pt\/wp-content\/uploads\/2025\/11\/WhatsApp-Image-2025-11-12-at-11.14.53.jpeg\"><img loading=\"lazy\" decoding=\"async\" class=\"size-full wp-image-7538 aligncenter\" src=\"https:\/\/centroparoquialcastpera.pt\/wp-content\/uploads\/2025\/11\/WhatsApp-Image-2025-11-12-at-11.14.53.jpeg\" alt=\"\" width=\"480\" height=\"270\" srcset=\"https:\/\/centroparoquialcastpera.pt\/wp-content\/uploads\/2025\/11\/WhatsApp-Image-2025-11-12-at-11.14.53.jpeg 480w, https:\/\/centroparoquialcastpera.pt\/wp-content\/uploads\/2025\/11\/WhatsApp-Image-2025-11-12-at-11.14.53-300x169.jpeg 300w\" sizes=\"(max-width: 480px) 100vw, 480px\" \/><\/a><\/div>\n<div dir=\"auto\"><\/div>\n<div dir=\"auto\"><\/div>\n","protected":false},"excerpt":{"rendered":"<p>Castanheira de Pera distinguida nos Pr\u00e9mios Caixa Social 2025 O \ud835\udc02\ud835\udc1e\ud835\udc27\ud835\udc2d\ud835\udc2b\ud835\udc28 \ud835\udc0f\ud835\udc1a\ud835\udc2b\ud835\udc28\ud835\udc2a\ud835\udc2e\ud835\udc22\ud835\udc1a\ud835\udc25 \ud835\udc1d\ud835\udc1e \ud835\udc12\ud835\udc28\ud835\udc25\ud835\udc22\ud835\udc1d\ud835\udc1a\ud835\udc2b\ud835\udc22\ud835\udc1e\ud835\udc1d\ud835\udc1a\ud835\udc1d\ud835\udc1e \ud835\udc12\ud835\udc28\ud835\udc1c\ud835\udc22\ud835\udc1a\ud835\udc25 \ud835\udc1d\ud835\udc1e \ud835\udc02\ud835\udc1a\ud835\udc2c\ud835\udc2d\ud835\udc1a\ud835\udc27\ud835\udc21\ud835\udc1e\ud835\udc22\ud835\udc2b\ud835\udc1a \ud835\udc1d\ud835\udc1e \ud835\udc0f\ud835\udc1e\ud835\udc2b\ud835\udc1a foi uma das entidades vencedoras da \ud835\udfd5.\u00aa \ud835\udc04\ud835\udc1d\ud835\udc22\ud835\udc1c\u0327\ud835\udc1a\u0303\ud835\udc28 \ud835\udc1d\ud835\udc28\ud835\udc2c \ud835\udc0f\ud835\udc2b\ud835\udc1e\u0301\ud835\udc26\ud835\udc22\ud835\udc28\ud835\udc2c \ud835\udc02\ud835\udc1a\ud835\udc22\ud835\udc31\ud835\udc1a \ud835\udc12\ud835\udc28\ud835\udc1c\ud835\udc22\ud835\udc1a\ud835\udc25 \ud835\udfd0\ud835\udfce\ud835\udfd0\ud835\udfd3, promovidos pela Caixa Geral de Dep\u00f3sitos, com o projeto \u201c\ud835\udc46\ud835\udc4e\ud835\udc56\ud835\udc4e \ud835\udc51\ud835\udc52 \ud835\udc36\ud835\udc4e\ud835\udc60\ud835\udc4e\u201d, na \u00e1rea de \ud835\udc08\ud835\udc27\ud835\udc1c\ud835\udc25\ud835\udc2e\ud835\udc2c\ud835\udc1a\u0303\ud835\udc28 \ud835\udc12\ud835\udc28\ud835\udc1c\ud835\udc22\ud835\udc1a\ud835\udc25 e \ud835\udc12\ud835\udc28\ud835\udc25\ud835\udc22\ud835\udc1d\ud835\udc1a\ud835\udc2b\ud835\udc22\ud835\udc1e\ud835\udc1d\ud835\udc1a\ud835\udc1d\ud835\udc1e, \ud835\udc0f\ud835\udc2b\ud835\udc1e\ud835\udc2f\ud835\udc1e\ud835\udc27\ud835\udc1c\u0327\ud835\udc1a\u0303\ud835\udc28 e \ud835\udc02\ud835\udc2e\ud835\udc22\ud835\udc1d\ud835\udc1a\ud835\udc1d\ud835\udc28\ud835\udc2c \ud835\udc1d\ud835\udc1e [&hellip;]<\/p>\n","protected":false},"author":1,"featured_media":7537,"comment_status":"closed","ping_status":"closed","sticky":false,"template":"","format":"standard","meta":{"saved_in_kubio":false,"footnotes":""},"categories":[19],"tags":[17],"class_list":["post-7534","post","type-post","status-publish","format-standard","has-post-thumbnail","hentry","category-saia-de-casa","tag-saia-de-casa"],"_links":{"self":[{"href":"https:\/\/centroparoquialcastpera.pt\/index.php?rest_route=\/wp\/v2\/posts\/7534","targetHints":{"allow":["GET"]}}],"collection":[{"href":"https:\/\/centroparoquialcastpera.pt\/index.php?rest_route=\/wp\/v2\/posts"}],"about":[{"href":"https:\/\/centroparoquialcastpera.pt\/index.php?rest_route=\/wp\/v2\/types\/post"}],"author":[{"embeddable":true,"href":"https:\/\/centroparoquialcastpera.pt\/index.php?rest_route=\/wp\/v2\/users\/1"}],"replies":[{"embeddable":true,"href":"https:\/\/centroparoquialcastpera.pt\/index.php?rest_route=%2Fwp%2Fv2%2Fcomments&post=7534"}],"version-history":[{"count":2,"href":"https:\/\/centroparoquialcastpera.pt\/index.php?rest_route=\/wp\/v2\/posts\/7534\/revisions"}],"predecessor-version":[{"id":7540,"href":"https:\/\/centroparoquialcastpera.pt\/index.php?rest_route=\/wp\/v2\/posts\/7534\/revisions\/7540"}],"wp:featuredmedia":[{"embeddable":true,"href":"https:\/\/centroparoquialcastpera.pt\/index.php?rest_route=\/wp\/v2\/media\/7537"}],"wp:attachment":[{"href":"https:\/\/centroparoquialcastpera.pt\/index.php?rest_route=%2Fwp%2Fv2%2Fmedia&parent=7534"}],"wp:term":[{"taxonomy":"category","embeddable":true,"href":"https:\/\/centroparoquialcastpera.pt\/index.php?rest_route=%2Fwp%2Fv2%2Fcategories&post=7534"},{"taxonomy":"post_tag","embeddable":true,"href":"https:\/\/centroparoquialcastpera.pt\/index.php?rest_route=%2Fwp%2Fv2%2Ftags&post=7534"}],"curies":[{"name":"wp","href":"https:\/\/api.w.org\/{rel}","templated":true}]}}