{"id":7327,"date":"2025-11-10T10:27:14","date_gmt":"2025-11-10T10:27:14","guid":{"rendered":"https:\/\/centroparoquialcastpera.pt\/?p=7327"},"modified":"2025-11-10T10:27:14","modified_gmt":"2025-11-10T10:27:14","slug":"mes-do-idoso-2025-4a-atividade","status":"publish","type":"post","link":"https:\/\/centroparoquialcastpera.pt\/?p=7327","title":{"rendered":"M\u00eas do Idoso 2025 &#8211; 4\u00aa Atividade"},"content":{"rendered":"<div class=\"xdj266r x14z9mp xat24cr x1lziwak x1vvkbs x126k92a\">\n<div dir=\"auto\"><span class=\"html-span xexx8yu xyri2b x18d9i69 x1c1uobl x1hl2dhg x16tdsg8 x1vvkbs x3nfvp2 x1j61x8r x1fcty0u xdj266r xat24cr xm2jcoa x1mpyi22 xxymvpz xlup9mm x1kky2od\"><img loading=\"lazy\" decoding=\"async\" class=\"xz74otr x15mokao x1ga7v0g x16uus16 xbiv7yw\" src=\"https:\/\/static.xx.fbcdn.net\/images\/emoji.php\/v9\/t2d\/1\/16\/1f3ac.png\" alt=\"\ud83c\udfac\" width=\"16\" height=\"16\" \/><\/span><span class=\"html-span xexx8yu xyri2b x18d9i69 x1c1uobl x1hl2dhg x16tdsg8 x1vvkbs x3nfvp2 x1j61x8r x1fcty0u xdj266r xat24cr xm2jcoa x1mpyi22 xxymvpz xlup9mm x1kky2od\"><img loading=\"lazy\" decoding=\"async\" class=\"xz74otr x15mokao x1ga7v0g x16uus16 xbiv7yw\" src=\"https:\/\/static.xx.fbcdn.net\/images\/emoji.php\/v9\/t15\/1\/16\/1f49b.png\" alt=\"\ud83d\udc9b\" width=\"16\" height=\"16\" \/><\/span> \ud835\udc0e\ud835\udc2e\ud835\udc2d\ud835\udc2e\ud835\udc1b\ud835\udc2b\ud835\udc28 \ud835\udc1e\u0301 \ud835\udc28 \ud835\udc0c\ud835\udc1e\u0302\ud835\udc2c \ud835\udc1d\ud835\udc28 \ud835\udc08\ud835\udc1d\ud835\udc28\ud835\udc2c\ud835\udc28 e em \ud835\udc02\ud835\udc1a\ud835\udc2c\ud835\udc2d\ud835\udc1a\ud835\udc27\ud835\udc21\ud835\udc1e\ud835\udc22\ud835\udc2b\ud835\udc1a \ud835\udc1d\ud835\udc1e \ud835\udc0f\ud835\udc1e\ud835\udc2b\ud835\udc1a encerr\u00e1mos este m\u00eas t\u00e3o especial com uma tarde repleta de mem\u00f3rias, partilha e boa disposi\u00e7\u00e3o <span class=\"html-span xexx8yu xyri2b x18d9i69 x1c1uobl x1hl2dhg x16tdsg8 x1vvkbs x3nfvp2 x1j61x8r x1fcty0u xdj266r xat24cr xm2jcoa x1mpyi22 xxymvpz xlup9mm x1kky2od\"><img loading=\"lazy\" decoding=\"async\" class=\"xz74otr x15mokao x1ga7v0g x16uus16 xbiv7yw\" src=\"https:\/\/static.xx.fbcdn.net\/images\/emoji.php\/v9\/t1e\/1\/16\/1f33f.png\" alt=\"\ud83c\udf3f\" width=\"16\" height=\"16\" \/><\/span><span class=\"html-span xexx8yu xyri2b x18d9i69 x1c1uobl x1hl2dhg x16tdsg8 x1vvkbs x3nfvp2 x1j61x8r x1fcty0u xdj266r xat24cr xm2jcoa x1mpyi22 xxymvpz xlup9mm x1kky2od\"><img loading=\"lazy\" decoding=\"async\" class=\"xz74otr x15mokao x1ga7v0g x16uus16 xbiv7yw\" src=\"https:\/\/static.xx.fbcdn.net\/images\/emoji.php\/v9\/tf4\/1\/16\/2728.png\" alt=\"\u2728\" width=\"16\" height=\"16\" \/><\/span><\/div>\n<div dir=\"auto\"><\/div>\n<\/div>\n<div class=\"x14z9mp xat24cr x1lziwak x1vvkbs xtlvy1s x126k92a\">\n<div dir=\"auto\"><span class=\"html-span xexx8yu xyri2b x18d9i69 x1c1uobl x1hl2dhg x16tdsg8 x1vvkbs x3nfvp2 x1j61x8r x1fcty0u xdj266r xat24cr xm2jcoa x1mpyi22 xxymvpz xlup9mm x1kky2od\"><img loading=\"lazy\" decoding=\"async\" class=\"xz74otr x15mokao x1ga7v0g x16uus16 xbiv7yw\" src=\"https:\/\/static.xx.fbcdn.net\/images\/emoji.php\/v9\/t7e\/1\/16\/1f4c5.png\" alt=\"\ud83d\udcc5\" width=\"16\" height=\"16\" \/><\/span> No dia \ud835\udfd0\ud835\udfd7 \ud835\udc1d\ud835\udc1e \ud835\udc28\ud835\udc2e\ud835\udc2d\ud835\udc2e\ud835\udc1b\ud835\udc2b\ud835\udc28, o <span class=\"html-span xdj266r x14z9mp xat24cr x1lziwak xexx8yu xyri2b x18d9i69 x1c1uobl x1hl2dhg x16tdsg8 x1vvkbs\"><a class=\"x1i10hfl xjbqb8w x1ejq31n x18oe1m7 x1sy0etr xstzfhl x972fbf x10w94by x1qhh985 x14e42zd x9f619 x1ypdohk xt0psk2 x3ct3a4 xdj266r x14z9mp xat24cr x1lziwak xexx8yu xyri2b x18d9i69 x1c1uobl x16tdsg8 x1hl2dhg xggy1nq x1a2a7pz xkrqix3 x1sur9pj x1fey0fg x1s688f\" tabindex=\"0\" role=\"link\" href=\"https:\/\/www.facebook.com\/cpss.castanheiradepera?__cft__[0]=AZUPKm3x3SgJW1A32hHv6PTl1HRXEXy37qRKCzsGUyTzf7Y0hUxRQ8dWhBvMi7lAsc2ponaW7Bbr7bHl5BICWap1d2syRwMUXLcMfy0oCrR5Gx2TIcGMUHc0xw9_64XNy-VA8jXjXKPhqcFBtMEArTndYE5c2i-VqKZk9YPdwIq4Z_g8WJ1-gQj3K3uFwAwrb_Or3QoNFyLcI4BSV5Fy2DCQ&amp;__tn__=-]K-R\"><span class=\"xt0psk2\"><span class=\"xjp7ctv\">Centro Paroquial De Solidariedade Cpss<\/span><\/span><\/a><\/span> recebeu a 4.\u00aa e \u00faltima atividade do M\u00eas do Idoso 2025, dinamizada pela equipa do CLDS 5G Entrela\u00e7ar.<\/div>\n<div dir=\"auto\"><\/div>\n<\/div>\n<div class=\"x14z9mp xat24cr x1lziwak x1vvkbs xtlvy1s x126k92a\">\n<div dir=\"auto\"><span class=\"html-span xexx8yu xyri2b x18d9i69 x1c1uobl x1hl2dhg x16tdsg8 x1vvkbs x3nfvp2 x1j61x8r x1fcty0u xdj266r xat24cr xm2jcoa x1mpyi22 xxymvpz xlup9mm x1kky2od\"><img loading=\"lazy\" decoding=\"async\" class=\"xz74otr x15mokao x1ga7v0g x16uus16 xbiv7yw\" src=\"https:\/\/static.xx.fbcdn.net\/images\/emoji.php\/v9\/t57\/1\/16\/1f39e.png\" alt=\"\ud83c\udf9e\ufe0f\" width=\"16\" height=\"16\" \/><\/span> A tarde come\u00e7ou com uma verdadeira viagem ao passado atrav\u00e9s do cl\u00e1ssico do cinema portugu\u00eas \u201cO Le\u00e3o da Estrela\u201d (1947) <span class=\"html-span xexx8yu xyri2b x18d9i69 x1c1uobl x1hl2dhg x16tdsg8 x1vvkbs x3nfvp2 x1j61x8r x1fcty0u xdj266r xat24cr xm2jcoa x1mpyi22 xxymvpz xlup9mm x1kky2od\"><img loading=\"lazy\" decoding=\"async\" class=\"xz74otr x15mokao x1ga7v0g x16uus16 xbiv7yw\" src=\"https:\/\/static.xx.fbcdn.net\/images\/emoji.php\/v9\/tff\/1\/16\/1f3a5.png\" alt=\"\ud83c\udfa5\" width=\"16\" height=\"16\" \/><\/span><span class=\"html-span xexx8yu xyri2b x18d9i69 x1c1uobl x1hl2dhg x16tdsg8 x1vvkbs x3nfvp2 x1j61x8r x1fcty0u xdj266r xat24cr xm2jcoa x1mpyi22 xxymvpz xlup9mm x1kky2od\"><img loading=\"lazy\" decoding=\"async\" class=\"xz74otr x15mokao x1ga7v0g x16uus16 xbiv7yw\" src=\"https:\/\/static.xx.fbcdn.net\/images\/emoji.php\/v9\/te8\/1\/16\/1f1f5_1f1f9.png\" alt=\"\ud83c\uddf5\ud83c\uddf9\" width=\"16\" height=\"16\" \/><\/span> Uma sess\u00e3o que despertou recorda\u00e7\u00f5es, sorrisos e muitas conversas sobre outros tempos.<\/div>\n<div dir=\"auto\"><\/div>\n<\/div>\n<div class=\"x14z9mp xat24cr x1lziwak x1vvkbs xtlvy1s x126k92a\">\n<div dir=\"auto\"><span class=\"html-span xexx8yu xyri2b x18d9i69 x1c1uobl x1hl2dhg x16tdsg8 x1vvkbs x3nfvp2 x1j61x8r x1fcty0u xdj266r xat24cr xm2jcoa x1mpyi22 xxymvpz xlup9mm x1kky2od\"><img loading=\"lazy\" decoding=\"async\" class=\"xz74otr x15mokao x1ga7v0g x16uus16 xbiv7yw\" src=\"https:\/\/static.xx.fbcdn.net\/images\/emoji.php\/v9\/t64\/1\/16\/1f370.png\" alt=\"\ud83c\udf70\" width=\"16\" height=\"16\" \/><\/span> Seguiu-se um lanche partilhado intergeracional, que juntou idosos, pessoas com incapacidade e as crian\u00e7as do CATL, num momento de conv\u00edvio e uni\u00e3o entre gera\u00e7\u00f5es.<\/div>\n<div dir=\"auto\"><\/div>\n<\/div>\n<div class=\"x14z9mp xat24cr x1lziwak x1vvkbs xtlvy1s x126k92a\">\n<div dir=\"auto\"><span class=\"html-span xexx8yu xyri2b x18d9i69 x1c1uobl x1hl2dhg x16tdsg8 x1vvkbs x3nfvp2 x1j61x8r x1fcty0u xdj266r xat24cr xm2jcoa x1mpyi22 xxymvpz xlup9mm x1kky2od\"><img loading=\"lazy\" decoding=\"async\" class=\"xz74otr x15mokao x1ga7v0g x16uus16 xbiv7yw\" src=\"https:\/\/static.xx.fbcdn.net\/images\/emoji.php\/v9\/t15\/1\/16\/1f49b.png\" alt=\"\ud83d\udc9b\" width=\"16\" height=\"16\" \/><\/span> Assim terminou, da melhor forma, um m\u00eas dedicado \u00e0 celebra\u00e7\u00e3o da sabedoria, das mem\u00f3rias e da alegria de envelhecer ativamente, refor\u00e7ando o esp\u00edrito comunit\u00e1rio que tanto nos caracteriza.<\/div>\n<div dir=\"auto\"><\/div>\n<\/div>\n<div class=\"x14z9mp xat24cr x1lziwak x1vvkbs xtlvy1s x126k92a\">\n<div dir=\"auto\"><span class=\"html-span xexx8yu xyri2b x18d9i69 x1c1uobl x1hl2dhg x16tdsg8 x1vvkbs x3nfvp2 x1j61x8r x1fcty0u xdj266r xat24cr xm2jcoa x1mpyi22 xxymvpz xlup9mm x1kky2od\"><img loading=\"lazy\" decoding=\"async\" class=\"xz74otr x15mokao x1ga7v0g x16uus16 xbiv7yw\" src=\"https:\/\/static.xx.fbcdn.net\/images\/emoji.php\/v9\/t64\/1\/16\/1f91d.png\" alt=\"\ud83e\udd1d\" width=\"16\" height=\"16\" \/><\/span> O nosso agradecimento especial a todos os parceiros \u2014 <span class=\"html-span xdj266r x14z9mp xat24cr x1lziwak xexx8yu xyri2b x18d9i69 x1c1uobl x1hl2dhg x16tdsg8 x1vvkbs\"><a class=\"x1i10hfl xjbqb8w x1ejq31n x18oe1m7 x1sy0etr xstzfhl x972fbf x10w94by x1qhh985 x14e42zd x9f619 x1ypdohk xt0psk2 x3ct3a4 xdj266r x14z9mp xat24cr x1lziwak xexx8yu xyri2b x18d9i69 x1c1uobl x16tdsg8 x1hl2dhg xggy1nq x1a2a7pz xkrqix3 x1sur9pj x1fey0fg x1s688f\" tabindex=\"0\" role=\"link\" href=\"https:\/\/www.facebook.com\/cpss.castanheiradepera?__cft__[0]=AZUPKm3x3SgJW1A32hHv6PTl1HRXEXy37qRKCzsGUyTzf7Y0hUxRQ8dWhBvMi7lAsc2ponaW7Bbr7bHl5BICWap1d2syRwMUXLcMfy0oCrR5Gx2TIcGMUHc0xw9_64XNy-VA8jXjXKPhqcFBtMEArTndYE5c2i-VqKZk9YPdwIq4Z_g8WJ1-gQj3K3uFwAwrb_Or3QoNFyLcI4BSV5Fy2DCQ&amp;__tn__=-]K-R\"><span class=\"xt0psk2\"><span class=\"xjp7ctv\">Centro Paroquial De Solidariedade Cpss<\/span><\/span><\/a><\/span>, <span class=\"html-span xdj266r x14z9mp xat24cr x1lziwak xexx8yu xyri2b x18d9i69 x1c1uobl x1hl2dhg x16tdsg8 x1vvkbs\"><a class=\"x1i10hfl xjbqb8w x1ejq31n x18oe1m7 x1sy0etr xstzfhl x972fbf x10w94by x1qhh985 x14e42zd x9f619 x1ypdohk xt0psk2 x3ct3a4 xdj266r x14z9mp xat24cr x1lziwak xexx8yu xyri2b x18d9i69 x1c1uobl x16tdsg8 x1hl2dhg xggy1nq x1a2a7pz xkrqix3 x1sur9pj x1fey0fg x1s688f\" tabindex=\"0\" role=\"link\" href=\"https:\/\/www.facebook.com\/santacasacastperaSD?__cft__[0]=AZUPKm3x3SgJW1A32hHv6PTl1HRXEXy37qRKCzsGUyTzf7Y0hUxRQ8dWhBvMi7lAsc2ponaW7Bbr7bHl5BICWap1d2syRwMUXLcMfy0oCrR5Gx2TIcGMUHc0xw9_64XNy-VA8jXjXKPhqcFBtMEArTndYE5c2i-VqKZk9YPdwIq4Z_g8WJ1-gQj3K3uFwAwrb_Or3QoNFyLcI4BSV5Fy2DCQ&amp;__tn__=-]K-R\"><span class=\"xt0psk2\"><span class=\"xjp7ctv\">Erpi S. Domingos CastPera<\/span><\/span><\/a><\/span>, <span class=\"html-span xdj266r x14z9mp xat24cr x1lziwak xexx8yu xyri2b x18d9i69 x1c1uobl x1hl2dhg x16tdsg8 x1vvkbs\"><a class=\"x1i10hfl xjbqb8w x1ejq31n x18oe1m7 x1sy0etr xstzfhl x972fbf x10w94by x1qhh985 x14e42zd x9f619 x1ypdohk xt0psk2 x3ct3a4 xdj266r x14z9mp xat24cr x1lziwak xexx8yu xyri2b x18d9i69 x1c1uobl x16tdsg8 x1hl2dhg xggy1nq x1a2a7pz xkrqix3 x1sur9pj x1fey0fg x1s688f\" tabindex=\"0\" role=\"link\" href=\"https:\/\/www.facebook.com\/cercicaper.ipss?__cft__[0]=AZUPKm3x3SgJW1A32hHv6PTl1HRXEXy37qRKCzsGUyTzf7Y0hUxRQ8dWhBvMi7lAsc2ponaW7Bbr7bHl5BICWap1d2syRwMUXLcMfy0oCrR5Gx2TIcGMUHc0xw9_64XNy-VA8jXjXKPhqcFBtMEArTndYE5c2i-VqKZk9YPdwIq4Z_g8WJ1-gQj3K3uFwAwrb_Or3QoNFyLcI4BSV5Fy2DCQ&amp;__tn__=-]K-R\"><span class=\"xt0psk2\"><span class=\"xjp7ctv\">Cercicaper Ipss<\/span><\/span><\/a><\/span>, <span class=\"html-span xdj266r x14z9mp xat24cr x1lziwak xexx8yu xyri2b x18d9i69 x1c1uobl x1hl2dhg x16tdsg8 x1vvkbs\"><a class=\"x1i10hfl xjbqb8w x1ejq31n x18oe1m7 x1sy0etr xstzfhl x972fbf x10w94by x1qhh985 x14e42zd x9f619 x1ypdohk xt0psk2 x3ct3a4 xdj266r x14z9mp xat24cr x1lziwak xexx8yu xyri2b x18d9i69 x1c1uobl x16tdsg8 x1hl2dhg xggy1nq x1a2a7pz xkrqix3 x1sur9pj x1fey0fg x1s688f\" tabindex=\"0\" role=\"link\" href=\"https:\/\/www.facebook.com\/prazilandia?__cft__[0]=AZUPKm3x3SgJW1A32hHv6PTl1HRXEXy37qRKCzsGUyTzf7Y0hUxRQ8dWhBvMi7lAsc2ponaW7Bbr7bHl5BICWap1d2syRwMUXLcMfy0oCrR5Gx2TIcGMUHc0xw9_64XNy-VA8jXjXKPhqcFBtMEArTndYE5c2i-VqKZk9YPdwIq4Z_g8WJ1-gQj3K3uFwAwrb_Or3QoNFyLcI4BSV5Fy2DCQ&amp;__tn__=-]K-R\"><span class=\"xt0psk2\"><span class=\"xjp7ctv\">Prazilandia, Turismo e Ambiente E.M.<\/span><\/span><\/a><\/span>, Agrupamento de Escolas Dr. Bissaya Barreto e <span class=\"html-span xdj266r x14z9mp xat24cr x1lziwak xexx8yu xyri2b x18d9i69 x1c1uobl x1hl2dhg x16tdsg8 x1vvkbs\"><a class=\"x1i10hfl xjbqb8w x1ejq31n x18oe1m7 x1sy0etr xstzfhl x972fbf x10w94by x1qhh985 x14e42zd x9f619 x1ypdohk xt0psk2 x3ct3a4 xdj266r x14z9mp xat24cr x1lziwak xexx8yu xyri2b x18d9i69 x1c1uobl x16tdsg8 x1hl2dhg xggy1nq x1a2a7pz xkrqix3 x1sur9pj x1fey0fg x1s688f\" tabindex=\"0\" role=\"link\" href=\"https:\/\/www.facebook.com\/MunicipioCastanheiradePera?__cft__[0]=AZUPKm3x3SgJW1A32hHv6PTl1HRXEXy37qRKCzsGUyTzf7Y0hUxRQ8dWhBvMi7lAsc2ponaW7Bbr7bHl5BICWap1d2syRwMUXLcMfy0oCrR5Gx2TIcGMUHc0xw9_64XNy-VA8jXjXKPhqcFBtMEArTndYE5c2i-VqKZk9YPdwIq4Z_g8WJ1-gQj3K3uFwAwrb_Or3QoNFyLcI4BSV5Fy2DCQ&amp;__tn__=-]K-R\"><span class=\"xt0psk2\"><span class=\"xjp7ctv\">Munic\u00edpio de Castanheira de Pera<\/span><\/span><\/a><\/span> \u2014 por tornarem poss\u00edvel este ciclo de atividades em homenagem \u00e0 popula\u00e7\u00e3o s\u00e9nior do concelho.<\/div>\n<div dir=\"auto\"><\/div>\n<\/div>\n<div class=\"x14z9mp xat24cr x1lziwak x1vvkbs xtlvy1s x126k92a\">\n<div dir=\"auto\"><span class=\"html-span xexx8yu xyri2b x18d9i69 x1c1uobl x1hl2dhg x16tdsg8 x1vvkbs x3nfvp2 x1j61x8r x1fcty0u xdj266r xat24cr xm2jcoa x1mpyi22 xxymvpz xlup9mm x1kky2od\"><img loading=\"lazy\" decoding=\"async\" class=\"xz74otr x15mokao x1ga7v0g x16uus16 xbiv7yw\" src=\"https:\/\/static.xx.fbcdn.net\/images\/emoji.php\/v9\/tde\/1\/16\/1f4f8.png\" alt=\"\ud83d\udcf8\" width=\"16\" height=\"16\" \/><\/span> Espreita as fotografias desta tarde inesquec\u00edvel aqui: <span class=\"html-span xdj266r x14z9mp xat24cr x1lziwak xexx8yu xyri2b x18d9i69 x1c1uobl x1hl2dhg x16tdsg8 x1vvkbs\"><a class=\"x1i10hfl xjbqb8w x1ejq31n x18oe1m7 x1sy0etr xstzfhl x972fbf x10w94by x1qhh985 x14e42zd x9f619 x1ypdohk xt0psk2 x3ct3a4 xdj266r x14z9mp xat24cr x1lziwak xexx8yu xyri2b x18d9i69 x1c1uobl x16tdsg8 x1hl2dhg xggy1nq x1a2a7pz xkrqix3 x1sur9pj xzsf02u x1s688f\" tabindex=\"0\" role=\"link\" href=\"https:\/\/www.facebook.com\/permalink.php?story_fbid=pfbid025LQfjTY4AsucKsCihZQa38MwNvn2LSh1yLuaRfsbYtV3dvreynwMk9xQ6XbhiyJml&amp;id=61576097831004&amp;__cft__[0]=AZUPKm3x3SgJW1A32hHv6PTl1HRXEXy37qRKCzsGUyTzf7Y0hUxRQ8dWhBvMi7lAsc2ponaW7Bbr7bHl5BICWap1d2syRwMUXLcMfy0oCrR5Gx2TIcGMUHc0xw9_64XNy-VA8jXjXKPhqcFBtMEArTndYE5c2i-VqKZk9YPdwIq4Z_g8WJ1-gQj3K3uFwAwrb_Or3QoNFyLcI4BSV5Fy2DCQ&amp;__tn__=-UK-R\">https:\/\/www.facebook.com\/share\/17QfnQQPTM\/<\/a><\/span><\/div>\n<\/div>\n<div dir=\"auto\"><\/div>\n<div dir=\"auto\"><\/div>\n<div dir=\"auto\"><a href=\"https:\/\/centroparoquialcastpera.pt\/wp-content\/uploads\/2025\/11\/575099840_122153944142869927_2963634587042070750_n.jpg\"><img loading=\"lazy\" decoding=\"async\" class=\"alignnone size-full wp-image-7328\" src=\"https:\/\/centroparoquialcastpera.pt\/wp-content\/uploads\/2025\/11\/575099840_122153944142869927_2963634587042070750_n.jpg\" alt=\"\" width=\"2048\" height=\"1365\" srcset=\"https:\/\/centroparoquialcastpera.pt\/wp-content\/uploads\/2025\/11\/575099840_122153944142869927_2963634587042070750_n.jpg 2048w, https:\/\/centroparoquialcastpera.pt\/wp-content\/uploads\/2025\/11\/575099840_122153944142869927_2963634587042070750_n-300x200.jpg 300w, https:\/\/centroparoquialcastpera.pt\/wp-content\/uploads\/2025\/11\/575099840_122153944142869927_2963634587042070750_n-1024x683.jpg 1024w, https:\/\/centroparoquialcastpera.pt\/wp-content\/uploads\/2025\/11\/575099840_122153944142869927_2963634587042070750_n-768x512.jpg 768w, https:\/\/centroparoquialcastpera.pt\/wp-content\/uploads\/2025\/11\/575099840_122153944142869927_2963634587042070750_n-1536x1024.jpg 1536w, https:\/\/centroparoquialcastpera.pt\/wp-content\/uploads\/2025\/11\/575099840_122153944142869927_2963634587042070750_n-272x182.jpg 272w\" sizes=\"(max-width: 2048px) 100vw, 2048px\" \/><\/a><\/div>\n","protected":false},"excerpt":{"rendered":"<p>\ud835\udc0e\ud835\udc2e\ud835\udc2d\ud835\udc2e\ud835\udc1b\ud835\udc2b\ud835\udc28 \ud835\udc1e\u0301 \ud835\udc28 \ud835\udc0c\ud835\udc1e\u0302\ud835\udc2c \ud835\udc1d\ud835\udc28 \ud835\udc08\ud835\udc1d\ud835\udc28\ud835\udc2c\ud835\udc28 e em \ud835\udc02\ud835\udc1a\ud835\udc2c\ud835\udc2d\ud835\udc1a\ud835\udc27\ud835\udc21\ud835\udc1e\ud835\udc22\ud835\udc2b\ud835\udc1a \ud835\udc1d\ud835\udc1e \ud835\udc0f\ud835\udc1e\ud835\udc2b\ud835\udc1a encerr\u00e1mos este m\u00eas t\u00e3o especial com uma tarde repleta de mem\u00f3rias, partilha e boa disposi\u00e7\u00e3o No dia \ud835\udfd0\ud835\udfd7 \ud835\udc1d\ud835\udc1e \ud835\udc28\ud835\udc2e\ud835\udc2d\ud835\udc2e\ud835\udc1b\ud835\udc2b\ud835\udc28, o Centro Paroquial De Solidariedade Cpss recebeu a 4.\u00aa e \u00faltima atividade do M\u00eas do Idoso 2025, dinamizada pela equipa do CLDS 5G Entrela\u00e7ar. [&hellip;]<\/p>\n","protected":false},"author":1,"featured_media":7328,"comment_status":"closed","ping_status":"closed","sticky":false,"template":"","format":"standard","meta":{"saved_in_kubio":false,"footnotes":""},"categories":[8],"tags":[14],"class_list":["post-7327","post","type-post","status-publish","format-standard","has-post-thumbnail","hentry","category-clds-5g-entrelacar","tag-mes-do-idoso"],"_links":{"self":[{"href":"https:\/\/centroparoquialcastpera.pt\/index.php?rest_route=\/wp\/v2\/posts\/7327","targetHints":{"allow":["GET"]}}],"collection":[{"href":"https:\/\/centroparoquialcastpera.pt\/index.php?rest_route=\/wp\/v2\/posts"}],"about":[{"href":"https:\/\/centroparoquialcastpera.pt\/index.php?rest_route=\/wp\/v2\/types\/post"}],"author":[{"embeddable":true,"href":"https:\/\/centroparoquialcastpera.pt\/index.php?rest_route=\/wp\/v2\/users\/1"}],"replies":[{"embeddable":true,"href":"https:\/\/centroparoquialcastpera.pt\/index.php?rest_route=%2Fwp%2Fv2%2Fcomments&post=7327"}],"version-history":[{"count":1,"href":"https:\/\/centroparoquialcastpera.pt\/index.php?rest_route=\/wp\/v2\/posts\/7327\/revisions"}],"predecessor-version":[{"id":7329,"href":"https:\/\/centroparoquialcastpera.pt\/index.php?rest_route=\/wp\/v2\/posts\/7327\/revisions\/7329"}],"wp:featuredmedia":[{"embeddable":true,"href":"https:\/\/centroparoquialcastpera.pt\/index.php?rest_route=\/wp\/v2\/media\/7328"}],"wp:attachment":[{"href":"https:\/\/centroparoquialcastpera.pt\/index.php?rest_route=%2Fwp%2Fv2%2Fmedia&parent=7327"}],"wp:term":[{"taxonomy":"category","embeddable":true,"href":"https:\/\/centroparoquialcastpera.pt\/index.php?rest_route=%2Fwp%2Fv2%2Fcategories&post=7327"},{"taxonomy":"post_tag","embeddable":true,"href":"https:\/\/centroparoquialcastpera.pt\/index.php?rest_route=%2Fwp%2Fv2%2Ftags&post=7327"}],"curies":[{"name":"wp","href":"https:\/\/api.w.org\/{rel}","templated":true}]}}