{"id":7237,"date":"2025-08-06T10:49:41","date_gmt":"2025-08-06T10:49:41","guid":{"rendered":"https:\/\/centroparoquialcastpera.pt\/?p=7237"},"modified":"2025-11-04T10:45:03","modified_gmt":"2025-11-04T10:45:03","slug":"dia-internacional-da-juventude-11-a-14-de-agosto-2025","status":"publish","type":"post","link":"https:\/\/centroparoquialcastpera.pt\/?p=7237","title":{"rendered":"Dia internacional da Juventude 11 a 14 de agosto 2025"},"content":{"rendered":"\n<p>O Munic\u00edpio de Castanheira de Pera, o CLDS 5G &#8211; Entrela\u00e7ar, o Conselho Municipal de Juventude de Castanheira de Pera, o Centro Paroquial de Solidariedade Social de Castanheira de Pera, a Prazilandia, Turismo e Ambiente E.M. e o Sport Castanheira de Pera e Benfica, v\u00e3o assinalar o Dia Internacional da Juventude com uma semana cheia de atividades para todos os gostos! <img loading=\"lazy\" decoding=\"async\" height=\"16\" width=\"16\" src=\"https:\/\/static.xx.fbcdn.net\/images\/emoji.php\/v9\/t6c\/1\/16\/1f4aa.png\" alt=\"\ud83d\udcaa\"><img loading=\"lazy\" decoding=\"async\" height=\"16\" width=\"16\" src=\"https:\/\/static.xx.fbcdn.net\/images\/emoji.php\/v9\/t3f\/1\/16\/1f30d.png\" alt=\"\ud83c\udf0d\"><\/p>\n\n\n\n<p><img loading=\"lazy\" decoding=\"async\" height=\"16\" width=\"16\" alt=\"\ud83d\udcc5\" src=\"https:\/\/static.xx.fbcdn.net\/images\/emoji.php\/v9\/t7e\/1\/16\/1f4c5.png\"> Programa:<\/p>\n\n\n\n<p><img loading=\"lazy\" decoding=\"async\" height=\"16\" width=\"16\" alt=\"\ud83c\udfb2\" src=\"https:\/\/static.xx.fbcdn.net\/images\/emoji.php\/v9\/t1b\/1\/16\/1f3b2.png\"> 11\/08 \u00e0s 10h00 \u2013 Atividades L\u00fadicas<\/p>\n\n\n\n<p><img loading=\"lazy\" decoding=\"async\" height=\"16\" width=\"16\" alt=\"\ud83c\udfa8\" src=\"https:\/\/static.xx.fbcdn.net\/images\/emoji.php\/v9\/t82\/1\/16\/1f3a8.png\"> 12\/08 \u00e0s 14h00 \u2013 Atividades promovidas pelo IPDJ<\/p>\n\n\n\n<p><img loading=\"lazy\" decoding=\"async\" height=\"16\" width=\"16\" alt=\"\ud83d\udd8c\ufe0f\" src=\"https:\/\/static.xx.fbcdn.net\/images\/emoji.php\/v9\/t38\/1\/16\/1f58c.png\"> 13\/08 \u00e0s 10h00 \u2013 Pintura de Mural Coletivo<\/p>\n\n\n\n<p><img loading=\"lazy\" decoding=\"async\" height=\"16\" width=\"16\" alt=\"\ud83e\udde0\" src=\"https:\/\/static.xx.fbcdn.net\/images\/emoji.php\/v9\/t7c\/1\/16\/1f9e0.png\"> 14\/08 \u00e0s 21h30 \u2013 Trivia Night (inscri\u00e7\u00f5es abrem brevemente!)<\/p>\n\n\n\n<p><img loading=\"lazy\" decoding=\"async\" height=\"16\" width=\"16\" alt=\"\ud83d\udccc\" src=\"https:\/\/static.xx.fbcdn.net\/images\/emoji.php\/v9\/tac\/1\/16\/1f4cc.png\"> Inscri\u00e7\u00f5es obrigat\u00f3rias \ud835\udc1a\ud835\udc2d\ud835\udc1e\u0301 \ud835\udc10\ud835\udc2e\ud835\udc22\ud835\udc27\ud835\udc2d\ud835\udc1a-\ud835\udc05\ud835\udc1e\ud835\udc22\ud835\udc2b\ud835\udc1a (\ud835\udfce\ud835\udfd5\/\ud835\udfce\ud835\udfd6\/\ud835\udfd0\ud835\udfce\ud835\udfd0\ud835\udfd3) para as atividades de 11 e 13 de agosto atrav\u00e9s do link: <a href=\"https:\/\/forms.gle\/fQnVEiYawiFbcY689?fbclid=IwZXh0bgNhZW0CMTAAYnJpZBEwMnlMbkpKcFEzanhUOTU1egEe1hSHOleTid_KpRDNyQCCltL7gTlHdNbasvGbAydbzElaHn2JzgSGXfJrnMc_aem_uzBzwbZ16Z6-LZ88-kDzsQ\" rel=\"noreferrer noopener\" target=\"_blank\">https:\/\/forms.gle\/fQnVEiYawiFbcY689<\/a><\/p>\n\n\n\n<p><img loading=\"lazy\" decoding=\"async\" height=\"16\" width=\"16\" alt=\"\u2139\ufe0f\" src=\"https:\/\/static.xx.fbcdn.net\/images\/emoji.php\/v9\/t8e\/1\/16\/2139.png\"> As inscri\u00e7\u00f5es para a Trivia Night ser\u00e3o anunciadas numa publica\u00e7\u00e3o pr\u00f3pria em breve, fica atento\/a \u00e0s nossas redes sociais!<\/p>\n\n\n\n<p>Vem celebrar connosco a criatividade e esp\u00edrito jovem da nossa comunidade! <img loading=\"lazy\" decoding=\"async\" height=\"16\" width=\"16\" alt=\"\u2728\" src=\"https:\/\/static.xx.fbcdn.net\/images\/emoji.php\/v9\/tf4\/1\/16\/2728.png\"><img loading=\"lazy\" decoding=\"async\" height=\"16\" width=\"16\" alt=\"\ud83d\ude4c\" src=\"https:\/\/static.xx.fbcdn.net\/images\/emoji.php\/v9\/tfd\/1\/16\/1f64c.png\"><\/p>\n\n\n\n<figure class=\"wp-block-image\"><img loading=\"lazy\" decoding=\"async\" width=\"1080\" height=\"1350\" src=\"https:\/\/centroparoquialcastpera.pt\/wp-content\/uploads\/2025\/08\/Semana-da-juventude-1.png\" alt=\"\" class=\"wp-image-7238\" srcset=\"https:\/\/centroparoquialcastpera.pt\/wp-content\/uploads\/2025\/08\/Semana-da-juventude-1.png 1080w, https:\/\/centroparoquialcastpera.pt\/wp-content\/uploads\/2025\/08\/Semana-da-juventude-1-240x300.png 240w, https:\/\/centroparoquialcastpera.pt\/wp-content\/uploads\/2025\/08\/Semana-da-juventude-1-819x1024.png 819w, https:\/\/centroparoquialcastpera.pt\/wp-content\/uploads\/2025\/08\/Semana-da-juventude-1-768x960.png 768w\" sizes=\"(max-width: 1080px) 100vw, 1080px\" \/><\/figure>\n","protected":false},"excerpt":{"rendered":"<p>O Munic\u00edpio de Castanheira de Pera, o CLDS 5G &#8211; Entrela\u00e7ar, o Conselho Municipal de Juventude de Castanheira de Pera, o Centro Paroquial de Solidariedade Social de Castanheira de Pera, a Prazilandia, Turismo e Ambiente E.M. e o Sport Castanheira de Pera e Benfica, v\u00e3o assinalar o Dia Internacional da Juventude com uma semana cheia [&hellip;]<\/p>\n","protected":false},"author":1,"featured_media":7238,"comment_status":"closed","ping_status":"closed","sticky":false,"template":"","format":"standard","meta":{"saved_in_kubio":false,"footnotes":""},"categories":[8],"tags":[],"class_list":["post-7237","post","type-post","status-publish","format-standard","has-post-thumbnail","hentry","category-clds-5g-entrelacar"],"_links":{"self":[{"href":"https:\/\/centroparoquialcastpera.pt\/index.php?rest_route=\/wp\/v2\/posts\/7237","targetHints":{"allow":["GET"]}}],"collection":[{"href":"https:\/\/centroparoquialcastpera.pt\/index.php?rest_route=\/wp\/v2\/posts"}],"about":[{"href":"https:\/\/centroparoquialcastpera.pt\/index.php?rest_route=\/wp\/v2\/types\/post"}],"author":[{"embeddable":true,"href":"https:\/\/centroparoquialcastpera.pt\/index.php?rest_route=\/wp\/v2\/users\/1"}],"replies":[{"embeddable":true,"href":"https:\/\/centroparoquialcastpera.pt\/index.php?rest_route=%2Fwp%2Fv2%2Fcomments&post=7237"}],"version-history":[{"count":4,"href":"https:\/\/centroparoquialcastpera.pt\/index.php?rest_route=\/wp\/v2\/posts\/7237\/revisions"}],"predecessor-version":[{"id":7326,"href":"https:\/\/centroparoquialcastpera.pt\/index.php?rest_route=\/wp\/v2\/posts\/7237\/revisions\/7326"}],"wp:featuredmedia":[{"embeddable":true,"href":"https:\/\/centroparoquialcastpera.pt\/index.php?rest_route=\/wp\/v2\/media\/7238"}],"wp:attachment":[{"href":"https:\/\/centroparoquialcastpera.pt\/index.php?rest_route=%2Fwp%2Fv2%2Fmedia&parent=7237"}],"wp:term":[{"taxonomy":"category","embeddable":true,"href":"https:\/\/centroparoquialcastpera.pt\/index.php?rest_route=%2Fwp%2Fv2%2Fcategories&post=7237"},{"taxonomy":"post_tag","embeddable":true,"href":"https:\/\/centroparoquialcastpera.pt\/index.php?rest_route=%2Fwp%2Fv2%2Ftags&post=7237"}],"curies":[{"name":"wp","href":"https:\/\/api.w.org\/{rel}","templated":true}]}}